{"id":565,"date":"2026-01-24T08:39:17","date_gmt":"2026-01-24T08:39:17","guid":{"rendered":"https:\/\/www.newsrecorder.ro\/app\/2026\/01\/24\/noul-proiect-fiscal-obligatii-si-sanctiuni-esentiale-propuse-de-minister\/"},"modified":"2026-01-24T08:39:17","modified_gmt":"2026-01-24T08:39:17","slug":"noul-proiect-fiscal-obligatii-si-sanctiuni-esentiale-propuse-de-minister","status":"publish","type":"post","link":"https:\/\/www.newsrecorder.ro\/app\/2026\/01\/24\/noul-proiect-fiscal-obligatii-si-sanctiuni-esentiale-propuse-de-minister\/","title":{"rendered":"Noul proiect fiscal: Obliga\u021bii \u0219i sanc\u021biuni esen\u021biale propuse de Minister!"},"content":{"rendered":"<p>Ministerul Finan\u021belor a lansat vineri \u00een consultare public\u0103 un proiect de Ordonan\u021b\u0103 de modificare \u0219i completare a Codului de Procedur\u0103 Fiscal\u0103, conform Legii nr. 207\/2015.<\/p>\n<p>Scopul principal al acestui demers este integrarea \u00een legisla\u021bia na\u021bional\u0103 a unei noi directive europene \u2013 Directiva (UE) 2025\/872, cunoscut\u0103 sub denumirea de DAC9, care a fost adoptat\u0103 \u00een aprilie 2025 la nivelul Uniunii Europene.<\/p>\n<p>Aceast\u0103 directiv\u0103 introduce reguli actualizate pentru colaborarea \u00eentre autorit\u0103\u021bile fiscale ale statelor membre, cu un accent special pe economia digital\u0103 \u0219i aplicarea <a href=\"https:\/\/www.mediafax.ro\/stirile-zilei\/ilie-bolojan-nu-vor-mai-creste-taxe-si-impozite-corectarea-deficitului-se-incheie-iar-economia-va-fi-sprijinita-prin-deduceri-si-ajutoare-de-stat-23675462\">impozitului minim global<\/a> pentru marile corpora\u021bii.<\/p>\n<p>\u201ePrin modific\u0103rile propuse, Rom\u00e2nia \u00ee\u0219i aliniaz\u0103 legisla\u021bia fiscal\u0103 la standardele europene \u0219i interna\u021bionale, av\u00e2nd ca obiectiv un cadru fiscal mai clar, predictibil \u0219i echitabil\u201d, a declarat Ministerul Finan\u021belor.<\/p>\n<p>Un aspect esen\u021bial al acestui proiect este \u00eembun\u0103t\u0103\u021birea schimbului automat de informa\u021bii \u00eentre administra\u021biile fiscale ale Uniunii Europene. Acest mecanism va permite autorit\u0103\u021bilor s\u0103 comunice date relevante despre impozitarea companiilor mari.<\/p>\n<p>\u201eTotodat\u0103, Ministerul Finan\u021belor \u00ee\u0219i propune prin aceste modific\u0103ri s\u0103 creasc\u0103 transparen\u021ba fiscal\u0103, s\u0103 combat\u0103 evaziunea \u0219i s\u0103 eficientizeze analiza de risc. De asemenea, se vor oferi solu\u021bii digitale moderne pentru contribuabilii de bun\u0103-credin\u021b\u0103\u201d, subliniaz\u0103 comunicatul oficial.<\/p>\n<ul>\n<li><strong>Simplificarea raport\u0103rilor pentru companiile mari<\/strong><\/li>\n<\/ul>\n<p>Una dintre inova\u021biile esen\u021biale aduse de DAC9 este reducerea semnificativ\u0103 a obliga\u021biilor de raportare pentru grupurile mari de companii. Astfel, grupurile multina\u021bionale \u0219i cele na\u021bionale cu venituri consolidate de cel pu\u021bin 750 de milioane de euro vor putea s\u0103 depun\u0103 o singur\u0103 declara\u021bie fiscal\u0103 la nivel de grup, \u00een locul mai multor declara\u021bii separate pentru fiecare entitate din cadrul grupului.<\/p>\n<p>Aceast\u0103 abordare centralizat\u0103 va contribui la diminuarea birocra\u021biei \u0219i a costurilor administrative at\u00e2t pentru companii, c\u00e2t \u0219i pentru <a href=\"https:\/\/www.mediafax.ro\/stirile-zilei\/ilie-bolojan-impozitul-pe-proprietate-va-fi-calculat-la-valoarea-de-piata-in-2027-ce-inseamna-de-fapt-pentru-romani-23675484\">autorit\u0103\u021bile fiscale<\/a>.<\/p>\n<ul>\n<li><strong>Declara\u021bie standardizat\u0103 \u0219i reguli clare de cooperare<\/strong><\/li>\n<\/ul>\n<p>Proiectul de ordonan\u021b\u0103 introduce un formular standardizat pentru declara\u021bia informativ\u0103 referitoare la impozitul suplimentar (impozitul minim global). Modelul acestui formular va fi stabilit printr-un ordin al pre\u0219edintelui ANAF, \u00een termen de 60 de zile de la implementarea actului normativ, conform oficialilor MFP.<\/p>\n<p>De asemenea, se vor stabili termene clare de raportare \u0219i reguli pentru schimbul automat de informa\u021bii \u00eentre statele membre, precum \u0219i mecanisme de cooperare pentru corectarea erorilor evidente din declara\u021bii.<\/p>\n<ul>\n<li><strong>\u00cembun\u0103t\u0103\u021biri \u00een schimbul de informa\u021bii despre conturile financiare<\/strong><\/li>\n<\/ul>\n<p>Pe l\u00e2ng\u0103 transpunerea DAC9 \u00een legisla\u021bia na\u021bional\u0103, proiectul aduce clarific\u0103ri \u0219i complet\u0103ri ale regulilor existente privind schimbul de informa\u021bii despre conturile financiare. Oficialii MFP men\u021bioneaz\u0103 c\u0103 se vor elimina lacunele legislative care, p\u00e2n\u0103 acum, se refereau exclusiv la obliga\u021bia de raportare, f\u0103r\u0103 a reglementa \u00een mod explicit schimbul efectiv de date pentru anumite tipuri de conturi noi.<\/p>\n<ul>\n<li><strong>Sanc\u021biuni pentru nerespectarea noilor reguli<\/strong><\/li>\n<\/ul>\n<p>Ministerul Finan\u021belor avertizeaz\u0103 c\u0103, pentru a asigura aplicarea corect\u0103 a noilor prevederi, proiectul prevede sanc\u021biuni contraven\u021bionale care variaz\u0103 \u00eentre 10.000 \u0219i 30.000 de lei.<\/p>\n<p>\u201eAceste sanc\u021biuni se aplic\u0103, de exemplu, \u00een cazul utiliz\u0103rii altor formulare dec\u00e2t cele standardizate sau al nerespect\u0103rii obliga\u021biei de p\u0103strare a documentelor \u0219i eviden\u021belor fiscale pentru o perioad\u0103 minim\u0103 de cinci ani\u201d, au concluzionat oficialii. <\/p>\n","protected":false},"excerpt":{"rendered":"<p>Ministerul Finan\u021belor a lansat vineri \u00een consultare public\u0103 un proiect de Ordonan\u021b\u0103 de modificare \u0219i completare a Codului de Procedur\u0103 Fiscal\u0103, conform Legii nr. 207\/2015. Scopul principal al acestui demers este integrarea \u00een legisla\u021bia na\u021bional\u0103 a unei noi directive europene \u2013 Directiva (UE) 2025\/872, cunoscut\u0103 sub denumirea de DAC9, care a fost adoptat\u0103 \u00een aprilie [&hellip;]<\/p>\n","protected":false},"author":4,"featured_media":566,"comment_status":"open","ping_status":"open","sticky":false,"template":"","format":"standard","meta":{"jnews-multi-image_gallery":[],"jnews_single_post":[],"jnews_primary_category":[],"jnews_override_counter":[],"footnotes":""},"categories":[40],"tags":[938,935,937,936,939,940,941,934],"class_list":["post-565","post","type-post","status-publish","format-standard","has-post-thumbnail","hentry","category-econonie","tag-autoritati-fiscale","tag-cod-de-procedura-fiscala","tag-dac9","tag-directiva-ue-2025-872","tag-economie-digitala","tag-impozit-minim-global","tag-legislatie-fiscala","tag-ordonanta"],"_links":{"self":[{"href":"https:\/\/www.newsrecorder.ro\/app\/wp-json\/wp\/v2\/posts\/565","targetHints":{"allow":["GET"]}}],"collection":[{"href":"https:\/\/www.newsrecorder.ro\/app\/wp-json\/wp\/v2\/posts"}],"about":[{"href":"https:\/\/www.newsrecorder.ro\/app\/wp-json\/wp\/v2\/types\/post"}],"author":[{"embeddable":true,"href":"https:\/\/www.newsrecorder.ro\/app\/wp-json\/wp\/v2\/users\/4"}],"replies":[{"embeddable":true,"href":"https:\/\/www.newsrecorder.ro\/app\/wp-json\/wp\/v2\/comments?post=565"}],"version-history":[{"count":0,"href":"https:\/\/www.newsrecorder.ro\/app\/wp-json\/wp\/v2\/posts\/565\/revisions"}],"wp:featuredmedia":[{"embeddable":true,"href":"https:\/\/www.newsrecorder.ro\/app\/wp-json\/wp\/v2\/media\/566"}],"wp:attachment":[{"href":"https:\/\/www.newsrecorder.ro\/app\/wp-json\/wp\/v2\/media?parent=565"}],"wp:term":[{"taxonomy":"category","embeddable":true,"href":"https:\/\/www.newsrecorder.ro\/app\/wp-json\/wp\/v2\/categories?post=565"},{"taxonomy":"post_tag","embeddable":true,"href":"https:\/\/www.newsrecorder.ro\/app\/wp-json\/wp\/v2\/tags?post=565"}],"curies":[{"name":"wp","href":"https:\/\/api.w.org\/{rel}","templated":true}]}}