{"id":5657,"date":"2026-02-27T23:56:45","date_gmt":"2026-02-27T23:56:45","guid":{"rendered":"https:\/\/www.newsrecorder.ro\/app\/2026\/02\/27\/arestat-la-17-ani-tanar-planuia-un-atac-terorist-asupra-nato\/"},"modified":"2026-02-27T23:56:45","modified_gmt":"2026-02-27T23:56:45","slug":"arestat-la-17-ani-tanar-planuia-un-atac-terorist-asupra-nato","status":"publish","type":"post","link":"https:\/\/www.newsrecorder.ro\/app\/2026\/02\/27\/arestat-la-17-ani-tanar-planuia-un-atac-terorist-asupra-nato\/","title":{"rendered":"Arestat la 17 ani: T\u00e2n\u0103r pl\u0103nuia un atac terorist asupra NATO!"},"content":{"rendered":"<p>\u00cen urma unei investiga\u021bii derulate de c\u0103tre <a href=\"https:\/\/www.lefigaro.fr\/international\/norvege-un-mineur-soupconne-d-un-projet-d-attentat-contre-un-site-de-l-otan-arrete-20260227\" target=\"_blank\" rel=\"noopener\">Serviciul de Securitate Intern\u0103<\/a> (PST), responsabil cu prevenirea actelor de terorism, a fost efectuat\u0103 o arestare recent\u0103. Detalii suplimentare despre motivele care au dus la aceast\u0103 ac\u021biune nu au fost furnizate.<\/p>\n<p>Line Nyvoll Nygaard, un oficial al PST, a declarat c\u0103 individul arestat este suspectat de \u00eenc\u0103lcarea Codului penal, \u00een special \u00een leg\u0103tur\u0103 cu preg\u0103tirea unui act terorist.<\/p>\n<p>Un purt\u0103tor de cuv\u00e2nt al PST a men\u021bionat c\u0103 ancheta este \u00een desf\u0103\u0219urare \u0219i a evitat s\u0103 ofere comentarii suplimentare despre caz.<\/p>\n<p>Potrivit unor surse din cadrul NRK, care citeaz\u0103 documentele PST, suspectul ar fi planificat un atac cu explozivi asupra Centrului de R\u0103zboi Comun al NATO situat \u00een cartierul J\u00e5tt\u00e5 din Stavanger, \u00een sud-vestul Norvegiei. Acest centru, \u00eenfiin\u021bat \u00een 2003, joac\u0103 un rol esen\u021bial \u00een instruirea personalului aliat \u0219i \u00een organizarea exerci\u021biilor militare de amploare ale Alian\u021bei Atlantice.<\/p>\n<p>Suspectul, care a crescut \u00een Norvegia, ar avea leg\u0103turi cu gruparea Statul Islamic, fiind observat \u00een trecut purt\u00e2nd un steag al acestei organiza\u021bii islamiste radicale, conform informa\u021biilor oferite de acelea\u0219i surse.<\/p>\n<p>Avocatul s\u0103u, Knut Lerum, a declarat pentru AFP c\u0103 clientul s\u0103u a fost plasat \u00een arest preventiv pentru o perioad\u0103 de dou\u0103 s\u0103pt\u0103m\u00e2ni, resping\u00e2nd acuza\u021biile care i se aduc.<\/p>\n<p>Arestarea a fost efectuat\u0103 joi \u00een regiunea Rogaland, unde se afl\u0103 ora\u0219ul Stavanger.<\/p>\n","protected":false},"excerpt":{"rendered":"<p>\u00cen urma unei investiga\u021bii derulate de c\u0103tre Serviciul de Securitate Intern\u0103 (PST), responsabil cu prevenirea actelor de terorism, a fost efectuat\u0103 o arestare recent\u0103. Detalii suplimentare despre motivele care au dus la aceast\u0103 ac\u021biune nu au fost furnizate. Line Nyvoll Nygaard, un oficial al PST, a declarat c\u0103 individul arestat este suspectat de \u00eenc\u0103lcarea Codului [&hellip;]<\/p>\n","protected":false},"author":2,"featured_media":5658,"comment_status":"open","ping_status":"open","sticky":false,"template":"","format":"standard","meta":{"jnews-multi-image_gallery":[],"jnews_single_post":[],"jnews_primary_category":[],"jnews_override_counter":[],"footnotes":""},"categories":[41],"tags":[817,557,8492,8493,352,3459,8491,2829],"class_list":["post-5657","post","type-post","status-publish","format-standard","has-post-thumbnail","hentry","category-externe","tag-ancheta","tag-arestare","tag-atac-cu-explozivi","tag-cod-penal","tag-nato","tag-norvegia","tag-pst","tag-terorism"],"_links":{"self":[{"href":"https:\/\/www.newsrecorder.ro\/app\/wp-json\/wp\/v2\/posts\/5657","targetHints":{"allow":["GET"]}}],"collection":[{"href":"https:\/\/www.newsrecorder.ro\/app\/wp-json\/wp\/v2\/posts"}],"about":[{"href":"https:\/\/www.newsrecorder.ro\/app\/wp-json\/wp\/v2\/types\/post"}],"author":[{"embeddable":true,"href":"https:\/\/www.newsrecorder.ro\/app\/wp-json\/wp\/v2\/users\/2"}],"replies":[{"embeddable":true,"href":"https:\/\/www.newsrecorder.ro\/app\/wp-json\/wp\/v2\/comments?post=5657"}],"version-history":[{"count":0,"href":"https:\/\/www.newsrecorder.ro\/app\/wp-json\/wp\/v2\/posts\/5657\/revisions"}],"wp:featuredmedia":[{"embeddable":true,"href":"https:\/\/www.newsrecorder.ro\/app\/wp-json\/wp\/v2\/media\/5658"}],"wp:attachment":[{"href":"https:\/\/www.newsrecorder.ro\/app\/wp-json\/wp\/v2\/media?parent=5657"}],"wp:term":[{"taxonomy":"category","embeddable":true,"href":"https:\/\/www.newsrecorder.ro\/app\/wp-json\/wp\/v2\/categories?post=5657"},{"taxonomy":"post_tag","embeddable":true,"href":"https:\/\/www.newsrecorder.ro\/app\/wp-json\/wp\/v2\/tags?post=5657"}],"curies":[{"name":"wp","href":"https:\/\/api.w.org\/{rel}","templated":true}]}}