{"id":5661,"date":"2026-02-28T00:08:56","date_gmt":"2026-02-28T00:08:56","guid":{"rendered":"https:\/\/www.newsrecorder.ro\/app\/2026\/02\/28\/tragedie-in-milano-tramvai-deraiat-un-mort-si-39-de-raniti\/"},"modified":"2026-02-28T00:08:56","modified_gmt":"2026-02-28T00:08:56","slug":"tragedie-in-milano-tramvai-deraiat-un-mort-si-39-de-raniti","status":"publish","type":"post","link":"https:\/\/www.newsrecorder.ro\/app\/2026\/02\/28\/tragedie-in-milano-tramvai-deraiat-un-mort-si-39-de-raniti\/","title":{"rendered":"Tragedie \u00een Milano: tramvai deraiat, un mort \u0219i 39 de r\u0103ni\u021bi!"},"content":{"rendered":"<p>Un grav incident a avut loc pe bulevardul Vittorio Veneto, \u00een inima ora\u0219ului Milano, \u00een perioada \u00een care ora\u0219ul este animat de prezent\u0103rile de mod\u0103 sezoniere. Acest moment coincide cu tranzi\u021bia de la Jocurile Olimpice de iarn\u0103 la cele Paralimpice, conform informa\u021biilor furnizate de <a href=\"https:\/\/apnews.com\/article\/milan-tram-derailment-vittorio-veneto-81ac2a5118b5757e23bcf7ce4caa6e69\" target=\"_blank\" rel=\"noopener\">AP<\/a>.<\/p>\n<p>Tramvaiul nr. 9, care traverseaz\u0103 centrul capitalei financiare a Italiei, circula cu o vitez\u0103 considerabil\u0103 pe Vittorio Veneto, av\u00e2nd inten\u021bia de a continua \u00een linie dreapt\u0103. Cu toate acestea, conform imaginilor surprinse \u0219i difuzate de Sky TG24, vehiculul a virat brusc la un macaz destinat unei alte linii de tramvai, deviat de la ruta sa obi\u0219nuit\u0103.<\/p>\n<p>Imaginile video arat\u0103 cu claritate momentul \u00een care tramvaiul aproape c\u0103 s-a r\u0103sturnat \u00een timp ce \u00eencerca s\u0103 ia curba, oprindu-se brusc dup\u0103 o manevr\u0103 at\u00e2t de riscant\u0103.<\/p>\n<p>Din p\u0103cate, accidentul a avut consecin\u021be tragice. O persoan\u0103 a decedat, fiind vorba despre un b\u0103rbat italian \u00een v\u00e2rst\u0103 de 60 de ani, rezident \u00een Rozzano. \u00cen plus, cel pu\u021bin 39 de persoane au fost r\u0103nite, conform raport\u0103rilor de la Il Messaggero.<\/p>\n<p>La fa\u021ba locului au intervenit zeci de ambulan\u021be, autospeciale de pompieri \u0219i echipaje de poli\u021bie, care au lucrat rapid pentru a asigura siguran\u021ba pasagerilor. Ace\u0219tia au fost escorta\u021bi departe de locul accidentului, fiind acoperi\u021bi cu p\u0103turi termice, \u00een \u00eencercarea de a le oferi confort \u0219i protec\u021bie \u00een momentele dificile.<\/p>\n","protected":false},"excerpt":{"rendered":"<p>Un grav incident a avut loc pe bulevardul Vittorio Veneto, \u00een inima ora\u0219ului Milano, \u00een perioada \u00een care ora\u0219ul este animat de prezent\u0103rile de mod\u0103 sezoniere. Acest moment coincide cu tranzi\u021bia de la Jocurile Olimpice de iarn\u0103 la cele Paralimpice, conform informa\u021biilor furnizate de AP. Tramvaiul nr. 9, care traverseaz\u0103 centrul capitalei financiare a Italiei, [&hellip;]<\/p>\n","protected":false},"author":2,"featured_media":5662,"comment_status":"open","ping_status":"open","sticky":false,"template":"","format":"standard","meta":{"jnews-multi-image_gallery":[],"jnews_single_post":[],"jnews_primary_category":[],"jnews_override_counter":[],"footnotes":""},"categories":[41],"tags":[955,8496,1355,1547,5853,1183,8497,8495],"class_list":["post-5661","post","type-post","status-publish","format-standard","has-post-thumbnail","hentry","category-externe","tag-accident","tag-barbat-decedat","tag-incident","tag-jocuri-olimpice","tag-milano","tag-moda","tag-rozza","tag-tramvai"],"_links":{"self":[{"href":"https:\/\/www.newsrecorder.ro\/app\/wp-json\/wp\/v2\/posts\/5661","targetHints":{"allow":["GET"]}}],"collection":[{"href":"https:\/\/www.newsrecorder.ro\/app\/wp-json\/wp\/v2\/posts"}],"about":[{"href":"https:\/\/www.newsrecorder.ro\/app\/wp-json\/wp\/v2\/types\/post"}],"author":[{"embeddable":true,"href":"https:\/\/www.newsrecorder.ro\/app\/wp-json\/wp\/v2\/users\/2"}],"replies":[{"embeddable":true,"href":"https:\/\/www.newsrecorder.ro\/app\/wp-json\/wp\/v2\/comments?post=5661"}],"version-history":[{"count":0,"href":"https:\/\/www.newsrecorder.ro\/app\/wp-json\/wp\/v2\/posts\/5661\/revisions"}],"wp:featuredmedia":[{"embeddable":true,"href":"https:\/\/www.newsrecorder.ro\/app\/wp-json\/wp\/v2\/media\/5662"}],"wp:attachment":[{"href":"https:\/\/www.newsrecorder.ro\/app\/wp-json\/wp\/v2\/media?parent=5661"}],"wp:term":[{"taxonomy":"category","embeddable":true,"href":"https:\/\/www.newsrecorder.ro\/app\/wp-json\/wp\/v2\/categories?post=5661"},{"taxonomy":"post_tag","embeddable":true,"href":"https:\/\/www.newsrecorder.ro\/app\/wp-json\/wp\/v2\/tags?post=5661"}],"curies":[{"name":"wp","href":"https:\/\/api.w.org\/{rel}","templated":true}]}}