{"id":567,"date":"2026-01-24T08:39:47","date_gmt":"2026-01-24T08:39:47","guid":{"rendered":"https:\/\/www.newsrecorder.ro\/app\/2026\/01\/24\/impozitul-pe-proprietate-in-2027-ce-impact-va-avea-asupra-romanilor\/"},"modified":"2026-01-24T08:39:47","modified_gmt":"2026-01-24T08:39:47","slug":"impozitul-pe-proprietate-in-2027-ce-impact-va-avea-asupra-romanilor","status":"publish","type":"post","link":"https:\/\/www.newsrecorder.ro\/app\/2026\/01\/24\/impozitul-pe-proprietate-in-2027-ce-impact-va-avea-asupra-romanilor\/","title":{"rendered":"Impozitul pe proprietate \u00een 2027: Ce impact va avea asupra rom\u00e2nilor?"},"content":{"rendered":"<p>Rom\u00e2nia s-a angajat, \u00een cadrul Planului Na\u021bional de Redresare \u0219i Rezilien\u021b\u0103 (PNRR), s\u0103 adopte un model de calcul al impozitului pe proprietate bazat pe valoarea de pia\u021b\u0103 a imobilelor. Aceasta este o m\u0103sur\u0103 care se aliniaz\u0103 practicilor din aproape toate \u021b\u0103rile europene, a declarat Ilie Bolojan, premierul Rom\u00e2niei. P\u00e2n\u0103 \u00een prezent, impozitul pe proprietate a fost calculat pe baza unor indicatori contabili \u00eenvechi\u021bi, aplic\u00e2ndu-se procente \u00een func\u021bie de zona localit\u0103\u021bii, ceea ce nu reflecta pre\u021burile reale ale pie\u021bei.<\/p>\n<p>\u201eNu va exista o cre\u0219tere a impozitelor pe proprietate \u00een 2027, dar Rom\u00e2nia s-a angajat, prin PNRR, s\u0103 dezvolte un model de calcul bazat pe valoarea de pia\u021b\u0103 a propriet\u0103\u021bilor,\u201d a subliniat Bolojan, men\u021bion\u00e2nd c\u0103 Ministerul de Finan\u021be lucreaz\u0103 \u00een prezent la acest model cu sprijinul B\u0103ncii Mondiale.<\/p>\n<p><a href=\"https:\/\/www.mediafax.ro\/stirile-zilei\/ilie-bolojan-nu-vor-mai-creste-taxe-si-impozite-corectarea-deficitului-se-incheie-iar-economia-va-fi-sprijinita-prin-deduceri-si-ajutoare-de-stat-23675462\">Pachetul de reforme fiscale \u0219i de impozitare elaborat de Guvern preconizeaz\u0103 trecerea la o impozitare bazat\u0103 pe valoarea real\u0103 a propriet\u0103\u021bii<\/a>, \u00eenlocuind grilele vechi de evaluare. Bolojan a explicat c\u0103 software-ul aflat \u00een dezvoltare va colecta date despre tranzac\u021biile imobiliare din Rom\u00e2nia \u0219i va estima automat valorile de pia\u021b\u0103 pentru locuin\u021be \u00een ora\u0219e precum Bucure\u0219ti, Timi\u0219oara sau Ia\u0219i, dar \u0219i \u00een mediul rural, oferind at\u00e2t autorit\u0103\u021bilor, c\u00e2t \u0219i cet\u0103\u021benilor o baz\u0103 actualizat\u0103 pentru calculul impozitelor.<\/p>\n<p>\u201eAm r\u0103mas cu indicatori vechi, unde valoarea era de tip contabil, definit\u0103 pe baza unor procente aplicate \u00een func\u021bie de localitate \u0219i de zonare. Anul acesta, am \u00eencercat s\u0103 venim cu o formul\u0103 care s\u0103 se apropie mai mult de valoarea de pia\u021b\u0103 medie din Rom\u00e2nia. Odat\u0103 ce acest software, dezvoltat \u00een colaborare cu Banca Mondial\u0103, va fi finalizat, va primi date din pia\u021b\u0103. Toate tranzac\u021biile imobiliare din Rom\u00e2nia trebuie comunicate \u00eentr-un sistem, astfel \u00eenc\u00e2t s\u0103 putem determina valoarea de pia\u021b\u0103 a imobilelor din diverse zone, cum ar fi Militari \u00een Bucure\u0219ti sau cartiere din Timi\u0219oara \u0219i Ia\u0219i, precum \u0219i comune din alte regiuni ale \u021b\u0103rii,\u201d a explicat premierul.<\/p>\n<p>Bolojan a subliniat c\u0103, din 2027, prim\u0103riile \u0219i cet\u0103\u021benii vor avea acces la un software care va afi\u0219a valoarea de pia\u021b\u0103 a imobilelor din fiecare localitate, oferind o baz\u0103 de calcul pentru impozitele locale.<\/p>\n<p>Cu toate acestea, se ridic\u0103 \u00eentrebarea: vor ajusta prim\u0103riile procentul de impozitare? De\u0219i valoarea de pia\u021b\u0103 a imobilelor ar putea dep\u0103\u0219i indicatorii actuali, Bolojan a clarificat c\u0103 \u00eentre valoarea de pia\u021b\u0103 \u0219i impozitul efectiv pl\u0103tit exist\u0103 dou\u0103 componente principale: baza de calcul \u0219i procentul de impozitare.<\/p>\n<p>Prim\u0103riile vor avea capacitatea de a ajusta procentul de impozitare, astfel \u00eenc\u00e2t nivelul total al impozitelor s\u0103 nu varieze semnificativ \u00een 2027 comparativ cu 2026. \u201eNu este vorba despre o cre\u0219tere, ci despre o rafinare a datelor pe care \u00een prezent nu le avem. Lucr\u0103m la acest aspect,\u201d a mai spus Bolojan.<\/p>\n<p>Totu\u0219i, este esen\u021bial de men\u021bionat c\u0103 prim\u0103riile beneficiaz\u0103 de autonomie fiscal\u0103 \u0219i se confrunt\u0103 cu dificult\u0103\u021bi financiare, \u00een special dup\u0103 reducerile de venituri \u0219i cheltuielile curente. Dac\u0103 baza de calcul (valoarea de pia\u021b\u0103) cre\u0219te, <strong>cea mai simpl\u0103 solu\u021bie pentru o prim\u0103rie ar putea fi s\u0103 nu reduc\u0103 procentul, pentru a \u00eenregistra venituri mai mari.<\/strong><\/p>\n<p>\u00cen prezent, <strong>executivul nu a prezentat un mecanism de control sau un plafon na\u021bional care s\u0103 oblige autorit\u0103\u021bile locale s\u0103 men\u021bin\u0103 impozitele la acela\u0219i nivel.<\/strong> Experien\u021bele anterioare sugereaz\u0103 c\u0103 promisiunile de a nu cre\u0219te taxe au fost adesea evitate prin modificarea formulei de calcul, nu a cotei.<\/p>\n","protected":false},"excerpt":{"rendered":"<p>Rom\u00e2nia s-a angajat, \u00een cadrul Planului Na\u021bional de Redresare \u0219i Rezilien\u021b\u0103 (PNRR), s\u0103 adopte un model de calcul al impozitului pe proprietate bazat pe valoarea de pia\u021b\u0103 a imobilelor. Aceasta este o m\u0103sur\u0103 care se aliniaz\u0103 practicilor din aproape toate \u021b\u0103rile europene, a declarat Ilie Bolojan, premierul Rom\u00e2niei. P\u00e2n\u0103 \u00een prezent, impozitul pe proprietate a [&hellip;]<\/p>\n","protected":false},"author":4,"featured_media":568,"comment_status":"open","ping_status":"open","sticky":false,"template":"","format":"standard","meta":{"jnews-multi-image_gallery":[],"jnews_single_post":[],"jnews_primary_category":[],"jnews_override_counter":[],"footnotes":""},"categories":[40],"tags":[946,302,942,947,944,945,149,943],"class_list":["post-567","post","type-post","status-publish","format-standard","has-post-thumbnail","hentry","category-econonie","tag-banca-mondiala","tag-ilie-bolojan","tag-impozit-pe-proprietate","tag-impozitare","tag-pnrr","tag-reforme-fiscale","tag-romania","tag-valoarea-de-piata"],"_links":{"self":[{"href":"https:\/\/www.newsrecorder.ro\/app\/wp-json\/wp\/v2\/posts\/567","targetHints":{"allow":["GET"]}}],"collection":[{"href":"https:\/\/www.newsrecorder.ro\/app\/wp-json\/wp\/v2\/posts"}],"about":[{"href":"https:\/\/www.newsrecorder.ro\/app\/wp-json\/wp\/v2\/types\/post"}],"author":[{"embeddable":true,"href":"https:\/\/www.newsrecorder.ro\/app\/wp-json\/wp\/v2\/users\/4"}],"replies":[{"embeddable":true,"href":"https:\/\/www.newsrecorder.ro\/app\/wp-json\/wp\/v2\/comments?post=567"}],"version-history":[{"count":0,"href":"https:\/\/www.newsrecorder.ro\/app\/wp-json\/wp\/v2\/posts\/567\/revisions"}],"wp:featuredmedia":[{"embeddable":true,"href":"https:\/\/www.newsrecorder.ro\/app\/wp-json\/wp\/v2\/media\/568"}],"wp:attachment":[{"href":"https:\/\/www.newsrecorder.ro\/app\/wp-json\/wp\/v2\/media?parent=567"}],"wp:term":[{"taxonomy":"category","embeddable":true,"href":"https:\/\/www.newsrecorder.ro\/app\/wp-json\/wp\/v2\/categories?post=567"},{"taxonomy":"post_tag","embeddable":true,"href":"https:\/\/www.newsrecorder.ro\/app\/wp-json\/wp\/v2\/tags?post=567"}],"curies":[{"name":"wp","href":"https:\/\/api.w.org\/{rel}","templated":true}]}}