{"id":5705,"date":"2026-02-28T04:39:34","date_gmt":"2026-02-28T04:39:34","guid":{"rendered":"https:\/\/www.newsrecorder.ro\/app\/2026\/02\/28\/kriszta-incze-castiga-argintul-pentru-romania-la-turneul-de-lupte-din-tirana\/"},"modified":"2026-02-28T04:39:34","modified_gmt":"2026-02-28T04:39:34","slug":"kriszta-incze-castiga-argintul-pentru-romania-la-turneul-de-lupte-din-tirana","status":"publish","type":"post","link":"https:\/\/www.newsrecorder.ro\/app\/2026\/02\/28\/kriszta-incze-castiga-argintul-pentru-romania-la-turneul-de-lupte-din-tirana\/","title":{"rendered":"Kriszta Incze c\u00e2\u0219tig\u0103 argintul pentru Rom\u00e2nia la turneul de lupte din Tirana!"},"content":{"rendered":"<p>Kriszta Incze a fost \u00eenvins\u0103 \u00een finala categoriei 65 kg de c\u0103tre vicecampioana mondial\u0103, Alina Kasabieva. Confruntarea s-a \u00eencheiat cu un scor de 4-2 \u00een favoarea sportivului rus.<\/p>\n<p>P\u00e2n\u0103 s\u0103 ajung\u0103 \u00een final\u0103, <a href=\"https:\/\/www.mediafax.ro\/sport\/kriszta-incze-primeste-inca-o-sansa-la-medalia-de-bronz-romanca-va-lupta-in-recalificari-22457496\" target=\"_blank\" rel=\"noopener\">Incze<\/a> a demonstrat o performan\u021b\u0103 remarcabil\u0103, \u00eenving\u00e2nd urm\u0103toarele adversare:<\/p>\n<ul>\n<li><strong>Sferturi:<\/strong> A \u00eenvins-o pe Jennifer Page Rogers cu 4-0 (victorie prin VPO1).<\/li>\n<li><strong>Semifinal\u0103:<\/strong> A trecut de Aizhan Suiduova cu 10-0 (victorie prin VSU).<\/li>\n<\/ul>\n<p>Pe podiumul competi\u021biei, s-au mai clasat americanca Emma Bruntil \u0219i Gulnura Ta\u0219tanbekova din K\u00e2rg\u00e2zstan.<\/p>\n<p>\u00cen cadrul acelea\u0219i competi\u021bii, rom\u00e2nca Beatrice Ferent, care a concurat la categoria de 55 kg, a ob\u021binut locul 5, dup\u0103 ce a fost \u00eenvins\u0103 \u00een finala pentru medalia de bronz.<\/p>\n<p>Turneele din cadrul Ranking Series sunt considerate cele mai importante competi\u021bii din circuitul forului mondial de lupte, subliniind nivelul \u00eenalt al sportivilor participan\u021bi.<\/p>\n","protected":false},"excerpt":{"rendered":"<p>Kriszta Incze a fost \u00eenvins\u0103 \u00een finala categoriei 65 kg de c\u0103tre vicecampioana mondial\u0103, Alina Kasabieva. Confruntarea s-a \u00eencheiat cu un scor de 4-2 \u00een favoarea sportivului rus. P\u00e2n\u0103 s\u0103 ajung\u0103 \u00een final\u0103, Incze a demonstrat o performan\u021b\u0103 remarcabil\u0103, \u00eenving\u00e2nd urm\u0103toarele adversare: Sferturi: A \u00eenvins-o pe Jennifer Page Rogers cu 4-0 (victorie prin VPO1). Semifinal\u0103: [&hellip;]<\/p>\n","protected":false},"author":6,"featured_media":5706,"comment_status":"open","ping_status":"open","sticky":false,"template":"","format":"standard","meta":{"jnews-multi-image_gallery":[],"jnews_single_post":[],"jnews_primary_category":[],"jnews_override_counter":[],"footnotes":""},"categories":[46],"tags":[8558,8557,56,1856,8556,8559,972,8560],"class_list":["post-5705","post","type-post","status-publish","format-standard","has-post-thumbnail","hentry","category-sport","tag-65-kg","tag-alina-kasabieva","tag-competitie","tag-finala","tag-kriszta-incze","tag-lupte","tag-performanta","tag-ranking-series"],"_links":{"self":[{"href":"https:\/\/www.newsrecorder.ro\/app\/wp-json\/wp\/v2\/posts\/5705","targetHints":{"allow":["GET"]}}],"collection":[{"href":"https:\/\/www.newsrecorder.ro\/app\/wp-json\/wp\/v2\/posts"}],"about":[{"href":"https:\/\/www.newsrecorder.ro\/app\/wp-json\/wp\/v2\/types\/post"}],"author":[{"embeddable":true,"href":"https:\/\/www.newsrecorder.ro\/app\/wp-json\/wp\/v2\/users\/6"}],"replies":[{"embeddable":true,"href":"https:\/\/www.newsrecorder.ro\/app\/wp-json\/wp\/v2\/comments?post=5705"}],"version-history":[{"count":0,"href":"https:\/\/www.newsrecorder.ro\/app\/wp-json\/wp\/v2\/posts\/5705\/revisions"}],"wp:featuredmedia":[{"embeddable":true,"href":"https:\/\/www.newsrecorder.ro\/app\/wp-json\/wp\/v2\/media\/5706"}],"wp:attachment":[{"href":"https:\/\/www.newsrecorder.ro\/app\/wp-json\/wp\/v2\/media?parent=5705"}],"wp:term":[{"taxonomy":"category","embeddable":true,"href":"https:\/\/www.newsrecorder.ro\/app\/wp-json\/wp\/v2\/categories?post=5705"},{"taxonomy":"post_tag","embeddable":true,"href":"https:\/\/www.newsrecorder.ro\/app\/wp-json\/wp\/v2\/tags?post=5705"}],"curies":[{"name":"wp","href":"https:\/\/api.w.org\/{rel}","templated":true}]}}