{"id":5717,"date":"2026-02-28T12:07:28","date_gmt":"2026-02-28T12:07:28","guid":{"rendered":"https:\/\/www.newsrecorder.ro\/app\/2026\/02\/28\/miruta-romania-nu-e-saraca-ci-saracita-ce-spune-despre-armata-voluntara\/"},"modified":"2026-02-28T12:07:28","modified_gmt":"2026-02-28T12:07:28","slug":"miruta-romania-nu-e-saraca-ci-saracita-ce-spune-despre-armata-voluntara","status":"publish","type":"post","link":"https:\/\/www.newsrecorder.ro\/app\/2026\/02\/28\/miruta-romania-nu-e-saraca-ci-saracita-ce-spune-despre-armata-voluntara\/","title":{"rendered":"Miru\u021b\u0103: \u201eRom\u00e2nia nu e s\u0103rac\u0103, ci s\u0103r\u0103cit\u0103!\u201d Ce spune despre armata voluntar\u0103?"},"content":{"rendered":"<p class=\"font-claude-response-body break-words whitespace-normal leading-[1.7]\">Rom\u00e2nia se preg\u0103te\u0219te s\u0103 introduc\u0103, \u00eencep\u00e2nd cu anul 2025, primul program de preg\u0103tire militar\u0103 voluntar\u0103 dup\u0103 o pauz\u0103 de 19 ani. Tinerii cu v\u00e2rste cuprinse \u00eentre 18 \u0219i 35 de ani vor avea ocazia s\u0103 participe la un program intensiv de patru luni \u00een cadrul comunit\u0103\u021bii militare. La finalul acestui program, participan\u021bii vor beneficia de o compensa\u021bie net\u0103 de aproximativ 15.000 de lei. Ministerul Ap\u0103r\u0103rii Na\u021bionale estimeaz\u0103 c\u0103 va putea oferi \u00eentre 1.000 \u0219i 3.000 de locuri, \u00een func\u021bie de bugetul disponibil.<\/p>\n<p class=\"font-claude-response-body break-words whitespace-normal leading-[1.7]\">Ministrul Ap\u0103r\u0103rii, Miru\u021b\u0103, a subliniat atractivitatea serviciului militar voluntar, eviden\u021biind stabilitatea \u0219i salariile competitive. \u201eEste un serviciu sigur. Armata s-a modernizat semnificativ\u201d, a declarat el, \u00eencuraj\u00e2nd tinerii s\u0103 ia \u00een considerare aceast\u0103 op\u021biune. Cei care aleg s\u0103 r\u0103m\u00e2n\u0103 \u00een sistemul militar au oportunitatea de a avansa la grade superioare sau de a urma cursuri pentru a deveni mae\u0219tri militari.<\/p>\n<p class=\"font-claude-response-body break-words whitespace-normal leading-[1.7]\">\u00cen ceea ce prive\u0219te norma de hran\u0103, ministrul a confirmat c\u0103 a existat o propunere de reducere a acesteia, dar aceasta a fost blocat\u0103 datorit\u0103 argumentelor solide prezentate. \u201eAm primit aceast\u0103 idee \u0219i, dup\u0103 ce am analizat datele, am reu\u0219it s\u0103 convingem premierul Bolojan s\u0103 nu o accepte\u201d, a explicat Miru\u021b\u0103, f\u0103r\u0103 a dezv\u0103lui identitatea persoanei care a ini\u021biat propunerea. Norma zilnic\u0103 de hran\u0103 variaz\u0103 \u00een prezent \u00eentre 26 \u0219i 40 de lei, \u00een func\u021bie de specialitate.<\/p>\n<p class=\"font-claude-response-body break-words whitespace-normal leading-[1.7]\">O alt\u0103 modificare important\u0103 adus\u0103 de noua lege este cre\u0219terea v\u00e2rstei de pensionare a militarilor la 65 de ani, p\u00e2n\u0103 \u00een anul 2035, comparativ cu 58 de ani c\u00e2t este \u00een prezent. Miru\u021b\u0103 a respins ideea c\u0103 to\u021bi militarii se pensioneaz\u0103 cu 13 ani mai devreme, men\u021bion\u00e2nd c\u0103 \u201eanul trecut, o singur\u0103 persoan\u0103 s-a pensionat cu reducere de 13 ani\u201d. De asemenea, a specificat c\u0103 v\u00e2rsta medie de pensionare \u00een Ministerul Ap\u0103r\u0103rii este de 52 de ani, iar pensia medie net\u0103 se ridic\u0103 la 5.800 de lei, conform datelor din noiembrie.<\/p>\n<p class=\"font-claude-response-body break-words whitespace-normal leading-[1.7]\">\u00centr-o interven\u021bie deschis\u0103, Miru\u021b\u0103 a abordat \u0219i situa\u021bia economic\u0103 a \u021b\u0103rii, afirm\u00e2nd: \u201eRom\u00e2nia este o \u021bar\u0103 s\u0103r\u0103cit\u0103, nu s\u0103rac\u0103\u201d. El a criticat modul \u00een care factorii politici au gestionat banii publici \u00een ultimele decenii, men\u021bion\u00e2nd c\u0103 \u201eau fost persoane f\u0103r\u0103 experien\u021b\u0103, plasate politic, care au gestionat fondurile \u00een mod necorespunz\u0103tor\u201d. Ministrul a subliniat c\u0103 guvernul actual depune eforturi pentru a corecta aceste neajunsuri prin reducerea cheltuielilor.<\/p>\n","protected":false},"excerpt":{"rendered":"<p>Rom\u00e2nia se preg\u0103te\u0219te s\u0103 introduc\u0103, \u00eencep\u00e2nd cu anul 2025, primul program de preg\u0103tire militar\u0103 voluntar\u0103 dup\u0103 o pauz\u0103 de 19 ani. Tinerii cu v\u00e2rste cuprinse \u00eentre 18 \u0219i 35 de ani vor avea ocazia s\u0103 participe la un program intensiv de patru luni \u00een cadrul comunit\u0103\u021bii militare. La finalul acestui program, participan\u021bii vor beneficia de [&hellip;]<\/p>\n","protected":false},"author":2,"featured_media":5718,"comment_status":"open","ping_status":"open","sticky":false,"template":"","format":"standard","meta":{"jnews-multi-image_gallery":[],"jnews_single_post":[],"jnews_primary_category":[],"jnews_override_counter":[],"footnotes":""},"categories":[42],"tags":[4015,472,464,176,4772,149,8578,2162],"class_list":["post-5717","post","type-post","status-publish","format-standard","has-post-thumbnail","hentry","category-politica","tag-compensatie","tag-ministerul-apararii","tag-modernizare","tag-oportunitati","tag-pregatire-militara","tag-romania","tag-serviciu-voluntar","tag-tineri"],"_links":{"self":[{"href":"https:\/\/www.newsrecorder.ro\/app\/wp-json\/wp\/v2\/posts\/5717","targetHints":{"allow":["GET"]}}],"collection":[{"href":"https:\/\/www.newsrecorder.ro\/app\/wp-json\/wp\/v2\/posts"}],"about":[{"href":"https:\/\/www.newsrecorder.ro\/app\/wp-json\/wp\/v2\/types\/post"}],"author":[{"embeddable":true,"href":"https:\/\/www.newsrecorder.ro\/app\/wp-json\/wp\/v2\/users\/2"}],"replies":[{"embeddable":true,"href":"https:\/\/www.newsrecorder.ro\/app\/wp-json\/wp\/v2\/comments?post=5717"}],"version-history":[{"count":0,"href":"https:\/\/www.newsrecorder.ro\/app\/wp-json\/wp\/v2\/posts\/5717\/revisions"}],"wp:featuredmedia":[{"embeddable":true,"href":"https:\/\/www.newsrecorder.ro\/app\/wp-json\/wp\/v2\/media\/5718"}],"wp:attachment":[{"href":"https:\/\/www.newsrecorder.ro\/app\/wp-json\/wp\/v2\/media?parent=5717"}],"wp:term":[{"taxonomy":"category","embeddable":true,"href":"https:\/\/www.newsrecorder.ro\/app\/wp-json\/wp\/v2\/categories?post=5717"},{"taxonomy":"post_tag","embeddable":true,"href":"https:\/\/www.newsrecorder.ro\/app\/wp-json\/wp\/v2\/tags?post=5717"}],"curies":[{"name":"wp","href":"https:\/\/api.w.org\/{rel}","templated":true}]}}