{"id":5719,"date":"2026-02-28T12:07:40","date_gmt":"2026-02-28T12:07:40","guid":{"rendered":"https:\/\/www.newsrecorder.ro\/app\/2026\/02\/28\/romania-reactioneaza-primele-masuri-ale-lui-nicusor-dan-dupa-atacul-sua-israel-in-iran\/"},"modified":"2026-02-28T12:07:40","modified_gmt":"2026-02-28T12:07:40","slug":"romania-reactioneaza-primele-masuri-ale-lui-nicusor-dan-dupa-atacul-sua-israel-in-iran","status":"publish","type":"post","link":"https:\/\/www.newsrecorder.ro\/app\/2026\/02\/28\/romania-reactioneaza-primele-masuri-ale-lui-nicusor-dan-dupa-atacul-sua-israel-in-iran\/","title":{"rendered":"Rom\u00e2nia reac\u021bioneaz\u0103! Primele m\u0103suri ale lui Nicu\u0219or Dan dup\u0103 atacul SUA-Israel \u00een Iran"},"content":{"rendered":"<p>Consilierul preziden\u021bial, Marius Lazurc\u0103, a asigurat c\u0103 ambasadoarea Mirela Grecu, \u00eempreun\u0103 cu \u00eentregul personal al Ambasadei, se afl\u0103 \u00een siguran\u021b\u0103 \u0219i ofer\u0103 actualiz\u0103ri constante despre situa\u021bia curent\u0103. Acesta a subliniat importan\u021ba comunic\u0103rii eficiente \u00een aceste momente critice.<\/p>\n<p>Lazurc\u0103 a men\u021bionat c\u0103 este \u00een leg\u0103tur\u0103 direct\u0103 cu ambasadorul Radu Ioanid \u0219i cu echipa Ambasadei Rom\u00e2niei din Tel Aviv, eviden\u021biind astfel re\u021beaua de suport \u0219i colaborare dintre misiunile diplomatice rom\u00e2ne\u0219ti.<\/p>\n<p><strong>Conform informa\u021biilor transmise consilierului preziden\u021bial, pre\u0219edintele a fost informat despre urm\u0103toarele aspecte:<\/strong><\/p>\n<ul>\n<li>De\u0219i re\u021belele locale \u00eent\u00e2mpin\u0103 disfunc\u021bionalit\u0103\u021bi, contactul cu Ambasada din Teheran r\u0103m\u00e2ne activ.<\/li>\n<li>Ambasadoarea Grecu este \u00een leg\u0103tur\u0103 cu mul\u021bi dintre cet\u0103\u021benii rom\u00e2ni care tr\u0103iesc \u00een Iran.<\/li>\n<li>P\u00e2n\u0103 \u00een prezent, Ambasada nu a primit solicit\u0103ri de asisten\u021b\u0103 consular\u0103 din partea niciunui cet\u0103\u021bean rom\u00e2n.<\/li>\n<li>Misiunea continu\u0103 s\u0103 monitorizeze evolu\u021bia evenimentelor \u0219i situa\u021bia social\u0103 din Teheran, precum \u0219i din celelalte mari ora\u0219e ale \u021b\u0103rii.<\/li>\n<\/ul>\n","protected":false},"excerpt":{"rendered":"<p>Consilierul preziden\u021bial, Marius Lazurc\u0103, a asigurat c\u0103 ambasadoarea Mirela Grecu, \u00eempreun\u0103 cu \u00eentregul personal al Ambasadei, se afl\u0103 \u00een siguran\u021b\u0103 \u0219i ofer\u0103 actualiz\u0103ri constante despre situa\u021bia curent\u0103. Acesta a subliniat importan\u021ba comunic\u0103rii eficiente \u00een aceste momente critice. Lazurc\u0103 a men\u021bionat c\u0103 este \u00een leg\u0103tur\u0103 direct\u0103 cu ambasadorul Radu Ioanid \u0219i cu echipa Ambasadei Rom\u00e2niei din [&hellip;]<\/p>\n","protected":false},"author":2,"featured_media":5720,"comment_status":"open","ping_status":"open","sticky":false,"template":"","format":"standard","meta":{"jnews-multi-image_gallery":[],"jnews_single_post":[],"jnews_primary_category":[],"jnews_override_counter":[],"footnotes":""},"categories":[42],"tags":[8581,8580,8459,4408,8583,913,8579,8582],"class_list":["post-5719","post","type-post","status-publish","format-standard","has-post-thumbnail","hentry","category-politica","tag-ambasada-romaniei","tag-ambasadoarea-mirela-grecu","tag-asistenta-consulara","tag-cetateni-romani","tag-comunicare-eficienta","tag-iran","tag-marius-lazurca","tag-tel-aviv"],"_links":{"self":[{"href":"https:\/\/www.newsrecorder.ro\/app\/wp-json\/wp\/v2\/posts\/5719","targetHints":{"allow":["GET"]}}],"collection":[{"href":"https:\/\/www.newsrecorder.ro\/app\/wp-json\/wp\/v2\/posts"}],"about":[{"href":"https:\/\/www.newsrecorder.ro\/app\/wp-json\/wp\/v2\/types\/post"}],"author":[{"embeddable":true,"href":"https:\/\/www.newsrecorder.ro\/app\/wp-json\/wp\/v2\/users\/2"}],"replies":[{"embeddable":true,"href":"https:\/\/www.newsrecorder.ro\/app\/wp-json\/wp\/v2\/comments?post=5719"}],"version-history":[{"count":0,"href":"https:\/\/www.newsrecorder.ro\/app\/wp-json\/wp\/v2\/posts\/5719\/revisions"}],"wp:featuredmedia":[{"embeddable":true,"href":"https:\/\/www.newsrecorder.ro\/app\/wp-json\/wp\/v2\/media\/5720"}],"wp:attachment":[{"href":"https:\/\/www.newsrecorder.ro\/app\/wp-json\/wp\/v2\/media?parent=5719"}],"wp:term":[{"taxonomy":"category","embeddable":true,"href":"https:\/\/www.newsrecorder.ro\/app\/wp-json\/wp\/v2\/categories?post=5719"},{"taxonomy":"post_tag","embeddable":true,"href":"https:\/\/www.newsrecorder.ro\/app\/wp-json\/wp\/v2\/tags?post=5719"}],"curies":[{"name":"wp","href":"https:\/\/api.w.org\/{rel}","templated":true}]}}