{"id":5721,"date":"2026-02-28T12:07:50","date_gmt":"2026-02-28T12:07:50","guid":{"rendered":"https:\/\/www.newsrecorder.ro\/app\/2026\/02\/28\/palatul-lui-khamenei-devastat-in-atacurile-surprinzatoare-din-iran\/"},"modified":"2026-02-28T12:07:50","modified_gmt":"2026-02-28T12:07:50","slug":"palatul-lui-khamenei-devastat-in-atacurile-surprinzatoare-din-iran","status":"publish","type":"post","link":"https:\/\/www.newsrecorder.ro\/app\/2026\/02\/28\/palatul-lui-khamenei-devastat-in-atacurile-surprinzatoare-din-iran\/","title":{"rendered":"Palatul lui Khamenei, devastat \u00een atacurile surprinz\u0103toare din Iran!"},"content":{"rendered":"<p class=\"font-claude-response-body break-words whitespace-normal leading-[1.7]\">Conform unor surse anonime citate de Canalul 12 israelian, palatul liderului suprem al Iranului, Ali Khamenei, a fost complet distrus.<\/p>\n<p class=\"font-claude-response-body break-words whitespace-normal leading-[1.7]\">Se pare c\u0103 atacurile de s\u00e2mb\u0103t\u0103 au avut ca \u021bint\u0103 to\u021bi liderii de frunte ai Iranului.<\/p>\n<p class=\"font-claude-response-body break-words whitespace-normal leading-[1.7]\">\u00cen acest context, nu este clar dac\u0103 Khamenei se afla \u00een palatul s\u0103u \u00een momentul atacului.<\/p>\n<p class=\"font-claude-response-body break-words whitespace-normal leading-[1.7]\">Conform acelea\u0219i surse, toate persoanele de rang \u00eenalt din conducerea iranian\u0103 au fost vizate \u00een timpul atacurilor desf\u0103\u0219urate pe 28 februarie 2026.<\/p>\n<p class=\"font-claude-response-body break-words whitespace-normal leading-[1.7]\">Este important de men\u021bionat c\u0103 informa\u021biile provin din surse israeliene anonime \u0219i nu au fost confirmate oficial p\u00e2n\u0103 \u00een prezent.<\/p>\n","protected":false},"excerpt":{"rendered":"<p>Conform unor surse anonime citate de Canalul 12 israelian, palatul liderului suprem al Iranului, Ali Khamenei, a fost complet distrus. Se pare c\u0103 atacurile de s\u00e2mb\u0103t\u0103 au avut ca \u021bint\u0103 to\u021bi liderii de frunte ai Iranului. \u00cen acest context, nu este clar dac\u0103 Khamenei se afla \u00een palatul s\u0103u \u00een momentul atacului. Conform acelea\u0219i surse, [&hellip;]<\/p>\n","protected":false},"author":2,"featured_media":5722,"comment_status":"open","ping_status":"open","sticky":false,"template":"","format":"standard","meta":{"jnews-multi-image_gallery":[],"jnews_single_post":[],"jnews_primary_category":[],"jnews_override_counter":[],"footnotes":""},"categories":[41],"tags":[8587,4191,1084,8585,8586,8588,913,8584],"class_list":["post-5721","post","type-post","status-publish","format-standard","has-post-thumbnail","hentry","category-externe","tag-28-februarie-2026","tag-ali-khamenei","tag-atacuri","tag-conducerea-iraniana","tag-distrugere","tag-informatii-neconfirmate","tag-iran","tag-surse-anonime"],"_links":{"self":[{"href":"https:\/\/www.newsrecorder.ro\/app\/wp-json\/wp\/v2\/posts\/5721","targetHints":{"allow":["GET"]}}],"collection":[{"href":"https:\/\/www.newsrecorder.ro\/app\/wp-json\/wp\/v2\/posts"}],"about":[{"href":"https:\/\/www.newsrecorder.ro\/app\/wp-json\/wp\/v2\/types\/post"}],"author":[{"embeddable":true,"href":"https:\/\/www.newsrecorder.ro\/app\/wp-json\/wp\/v2\/users\/2"}],"replies":[{"embeddable":true,"href":"https:\/\/www.newsrecorder.ro\/app\/wp-json\/wp\/v2\/comments?post=5721"}],"version-history":[{"count":0,"href":"https:\/\/www.newsrecorder.ro\/app\/wp-json\/wp\/v2\/posts\/5721\/revisions"}],"wp:featuredmedia":[{"embeddable":true,"href":"https:\/\/www.newsrecorder.ro\/app\/wp-json\/wp\/v2\/media\/5722"}],"wp:attachment":[{"href":"https:\/\/www.newsrecorder.ro\/app\/wp-json\/wp\/v2\/media?parent=5721"}],"wp:term":[{"taxonomy":"category","embeddable":true,"href":"https:\/\/www.newsrecorder.ro\/app\/wp-json\/wp\/v2\/categories?post=5721"},{"taxonomy":"post_tag","embeddable":true,"href":"https:\/\/www.newsrecorder.ro\/app\/wp-json\/wp\/v2\/tags?post=5721"}],"curies":[{"name":"wp","href":"https:\/\/api.w.org\/{rel}","templated":true}]}}