{"id":5741,"date":"2026-02-28T12:36:47","date_gmt":"2026-02-28T12:36:47","guid":{"rendered":"https:\/\/www.newsrecorder.ro\/app\/2026\/02\/28\/lider-european-de-frunte-respinge-atacurile-lui-trump-nu-mai-putem-suporta-un-razboi\/"},"modified":"2026-02-28T12:36:47","modified_gmt":"2026-02-28T12:36:47","slug":"lider-european-de-frunte-respinge-atacurile-lui-trump-nu-mai-putem-suporta-un-razboi","status":"publish","type":"post","link":"https:\/\/www.newsrecorder.ro\/app\/2026\/02\/28\/lider-european-de-frunte-respinge-atacurile-lui-trump-nu-mai-putem-suporta-un-razboi\/","title":{"rendered":"\u201eLider european de frunte respinge atacurile lui Trump: &#8216;Nu mai putem suporta un r\u0103zboi&#8217;\u201d"},"content":{"rendered":"<p>Premierul Spaniei, Pedro S\u00e1nchez, a exprimat s\u00e2mb\u0103t\u0103 o ferm\u0103 condamnare fa\u021b\u0103 de atacurile aeriene efectuate de Statele Unite \u0219i Israel asupra Iranului, caracteriz\u00e2ndu-le drept \u201eac\u021biuni militare unilaterale\u201d care contribuie la escaladarea tensiunilor \u0219i fac ca ordinea interna\u021bional\u0103 s\u0103 devin\u0103 \u201emai incert\u0103 \u0219i ostil\u0103\u201d.<\/p>\n<p>\u00centr-un mesaj public, S\u00e1nchez a subliniat c\u0103 respinge at\u00e2t ac\u021biunile regimului iranian, c\u00e2t \u0219i cele ale G\u0103rzilor Revolu\u021bionare, avertiz\u00e2nd c\u0103 regiunea nu poate suporta un alt r\u0103zboi prelungit \u0219i devastator. El a cerut o \u201edezescaladare imediat\u0103\u201d \u0219i o \u201erespectare deplin\u0103 a dreptului interna\u021bional\u201d, insist\u00e2nd asupra necesit\u0103\u021bii relu\u0103rii dialogului pentru a g\u0103si o \u201esolu\u021bie politic\u0103 durabil\u0103\u201d \u00een Orientul Mijlociu.<\/p>\n<p>\u00cen acela\u0219i timp, ministrul spaniol de Externe, Jos\u00e9 Manuel Albares, a solicitat respectarea dreptului interna\u021bional \u0219i a pledat pentru dezescaladare \u0219i dialog constructiv.<\/p>\n<p>Reac\u021bia oficialilor spanioli vine pe fondul unei pozi\u021bii comune adoptate de liderii Uniunii Europene, care au transmis un mesaj de pruden\u021b\u0103, cer\u00e2nd \u201emaxim\u0103 re\u021binere\u201d, protejarea civililor \u0219i respectarea dreptului interna\u021bional. Ace\u0219tia au subliniat importan\u021ba \u201esiguran\u021bei nucleare\u201d \u0219i necesitatea evit\u0103rii oric\u0103ror ac\u021biuni care ar putea submina regimul global de neproliferare.<\/p>\n<p>De asemenea, \u0219efa diploma\u021biei UE, Kaja Kallas, a descris situa\u021bia ca fiind \u201epericuloas\u0103\u201d \u0219i a afirmat c\u0103 programele nucleare \u0219i balistice ale Iranului, precum \u0219i sprijinul acestuia pentru grupuri considerate teroriste, constituie o amenin\u021bare serioas\u0103 la adresa securit\u0103\u021bii globale.<\/p>\n<p>\u00cen acest context de tensiuni cresc\u00e2nde, Consiliul Uniunii Europene a decis recent s\u0103 includ\u0103 Corpul G\u0103rzilor Revolu\u021bionare Islamice (IRGC) pe lista organiza\u021biilor teroriste, \u00een cadrul regimului de sanc\u021biuni aplicat de UE.<\/p>\n<p>Atacurile aeriene au fost lansate \u00eentr-un moment \u00een care presiunea asupra programului nuclear iranian cre\u0219tea, Agen\u021bia Interna\u021bional\u0103 pentru Energie Atomic\u0103 (AIEA) solicit\u00e2nd Iranului acces pentru inspec\u021bii, eviden\u021biind complexul de la Isfahan ca un punct de interes, pe fondul informa\u021biilor privind stocarea de uraniu puternic \u00eembog\u0103\u021bit \u0219i noi capacit\u0103\u021bi de \u00eembog\u0103\u021bire.<\/p>\n","protected":false},"excerpt":{"rendered":"<p>Premierul Spaniei, Pedro S\u00e1nchez, a exprimat s\u00e2mb\u0103t\u0103 o ferm\u0103 condamnare fa\u021b\u0103 de atacurile aeriene efectuate de Statele Unite \u0219i Israel asupra Iranului, caracteriz\u00e2ndu-le drept \u201eac\u021biuni militare unilaterale\u201d care contribuie la escaladarea tensiunilor \u0219i fac ca ordinea interna\u021bional\u0103 s\u0103 devin\u0103 \u201emai incert\u0103 \u0219i ostil\u0103\u201d. \u00centr-un mesaj public, S\u00e1nchez a subliniat c\u0103 respinge at\u00e2t ac\u021biunile regimului iranian, [&hellip;]<\/p>\n","protected":false},"author":2,"featured_media":5742,"comment_status":"open","ping_status":"open","sticky":false,"template":"","format":"standard","meta":{"jnews-multi-image_gallery":[],"jnews_single_post":[],"jnews_primary_category":[],"jnews_override_counter":[],"footnotes":""},"categories":[41],"tags":[3608,2446,7471,913,268,2211,8605,680],"class_list":["post-5741","post","type-post","status-publish","format-standard","has-post-thumbnail","hentry","category-externe","tag-atacuri-aeriene","tag-dezescaladare","tag-drept-international","tag-iran","tag-israel","tag-orientul-mijlociu","tag-pedro-sanchez","tag-statele-unite"],"_links":{"self":[{"href":"https:\/\/www.newsrecorder.ro\/app\/wp-json\/wp\/v2\/posts\/5741","targetHints":{"allow":["GET"]}}],"collection":[{"href":"https:\/\/www.newsrecorder.ro\/app\/wp-json\/wp\/v2\/posts"}],"about":[{"href":"https:\/\/www.newsrecorder.ro\/app\/wp-json\/wp\/v2\/types\/post"}],"author":[{"embeddable":true,"href":"https:\/\/www.newsrecorder.ro\/app\/wp-json\/wp\/v2\/users\/2"}],"replies":[{"embeddable":true,"href":"https:\/\/www.newsrecorder.ro\/app\/wp-json\/wp\/v2\/comments?post=5741"}],"version-history":[{"count":0,"href":"https:\/\/www.newsrecorder.ro\/app\/wp-json\/wp\/v2\/posts\/5741\/revisions"}],"wp:featuredmedia":[{"embeddable":true,"href":"https:\/\/www.newsrecorder.ro\/app\/wp-json\/wp\/v2\/media\/5742"}],"wp:attachment":[{"href":"https:\/\/www.newsrecorder.ro\/app\/wp-json\/wp\/v2\/media?parent=5741"}],"wp:term":[{"taxonomy":"category","embeddable":true,"href":"https:\/\/www.newsrecorder.ro\/app\/wp-json\/wp\/v2\/categories?post=5741"},{"taxonomy":"post_tag","embeddable":true,"href":"https:\/\/www.newsrecorder.ro\/app\/wp-json\/wp\/v2\/tags?post=5741"}],"curies":[{"name":"wp","href":"https:\/\/api.w.org\/{rel}","templated":true}]}}