{"id":5749,"date":"2026-02-28T13:07:58","date_gmt":"2026-02-28T13:07:58","guid":{"rendered":"https:\/\/www.newsrecorder.ro\/app\/2026\/02\/28\/grindeanu-psd-se-bucura-de-o-legitimitate-puternica-din-voturile-romanilor\/"},"modified":"2026-02-28T13:07:58","modified_gmt":"2026-02-28T13:07:58","slug":"grindeanu-psd-se-bucura-de-o-legitimitate-puternica-din-voturile-romanilor","status":"publish","type":"post","link":"https:\/\/www.newsrecorder.ro\/app\/2026\/02\/28\/grindeanu-psd-se-bucura-de-o-legitimitate-puternica-din-voturile-romanilor\/","title":{"rendered":"Grindeanu: PSD se bucur\u0103 de o legitimitate puternic\u0103 din voturile rom\u00e2nilor!"},"content":{"rendered":"<p>S\u00e2mb\u0103t\u0103, la Forumul Na\u021bional al PES Activists Rom\u00e2nia, Sorin Grindeanu a subliniat importan\u021ba unei analize aprofundate a activit\u0103\u021bii guvernamentale, av\u00e2nd \u00een vedere c\u0103 se apropie momentul \u00een care se vor \u00eemplini nou\u0103 luni de la preluarea puterii de c\u0103tre PSD.<\/p>\n<p>\u201eAceasta este o practic\u0103 standard pentru toate partidele social-democrate mature din Europa. Niciun partid serios nu r\u0103m\u00e2ne la guvernare doar din iner\u021bie. Continu\u0103m s\u0103 guvern\u0103m doar dac\u0103 rezultatele produse sunt vizibile pentru cet\u0103\u021beni\u201d, a declarat liderul social-democrat.<\/p>\n<p>Grindeanu a subliniat c\u0103 evaluarea se va concentra nu doar pe mini\u0219trii PSD, ci \u0219i pe activitatea \u00eentregii coali\u021bii. \u201eDup\u0103 mai bine de \u0219ase luni de la preluarea guvern\u0103rii, \u0219i cu nou\u0103 luni \u00een cur\u00e2nd, este nu doar legitim, ci \u0219i obligatoriu s\u0103 analiz\u0103m ce a func\u021bionat \u0219i ce nu \u00een aceast\u0103 perioad\u0103. Nu discut\u0103m despre guvernarea unei singure persoane, ci despre guvernarea Rom\u00e2niei. [&#8230;] Am anun\u021bat acum dou\u0103 sau trei s\u0103pt\u0103m\u00e2ni c\u0103 vom \u00eencepe evaluarea mini\u0219trilor din guvernul actual, inclusiv a celor social-democra\u021bi, \u0219i a deciziilor pe care le-am luat. La urma urmei, un partid serios nu caut\u0103 vinova\u021bi \u00een exterior \u00eenainte de a-\u0219i analiza propriile responsabilit\u0103\u021bi\u201d, a ad\u0103ugat el.<\/p>\n<p>Conform liderului PSD, analiza va acoperi \u00eentreaga guvernare, subliniind c\u0103 \u201ecoali\u021bia implic\u0103 o responsabilitate comun\u0103\u201d. \u201eRom\u00e2nii ne-au acordat votul, ne-au conferit legitimitatea, iar noi trebuie s\u0103 le comunic\u0103m transparent \u0219i onest dac\u0103 aceast\u0103 guvernare le \u00eembun\u0103t\u0103\u021be\u0219te via\u021ba sau le cere doar sacrificii f\u0103r\u0103 rezultate tangibile\u201d, a explicat Grindeanu.<\/p>\n<p>El a insistat c\u0103 PSD dispune de \u201eo legitimitate puternic\u0103, bazat\u0103 pe votul a milioane de rom\u00e2ni\u201d, \u0219i c\u0103 rolul partidului la guvernare este acela de a reprezenta acest vot, nu de a valida decizii unilaterale sau de a fi doar observatori.<\/p>\n<p>\u00cen ceea ce prive\u0219te politica bugetar\u0103, Grindeanu a afirmat c\u0103 bugetul trebuie s\u0103 se axeze pe dezvoltare. \u201eBugetul unei \u021b\u0103ri nu este un simplu exerci\u021biu contabil. Este o reflec\u021bie a unei viziuni politice. [&#8230;] Bugetul Rom\u00e2niei trebuie s\u0103 fie unul al dezvolt\u0103rii, al investi\u021biilor, al stabilit\u0103\u021bii, care s\u0103 finan\u021beze infrastructura, s\u0103n\u0103tatea, educa\u021bia \u0219i energia\u201d, a declarat el.<\/p>\n<p>\u201eVrem s\u0103 r\u0103m\u00e2nem la guvernare at\u00e2ta timp c\u00e2t vocea PSD este relevant\u0103, at\u00e2ta timp c\u00e2t votul rom\u00e2nilor este respectat \u0219i at\u00e2ta timp c\u00e2t guvernarea aduce dezvoltare, nu austeritate lipsit\u0103 de sens\u201d, a concluzionat Grindeanu.<\/p>\n","protected":false},"excerpt":{"rendered":"<p>S\u00e2mb\u0103t\u0103, la Forumul Na\u021bional al PES Activists Rom\u00e2nia, Sorin Grindeanu a subliniat importan\u021ba unei analize aprofundate a activit\u0103\u021bii guvernamentale, av\u00e2nd \u00een vedere c\u0103 se apropie momentul \u00een care se vor \u00eemplini nou\u0103 luni de la preluarea puterii de c\u0103tre PSD. \u201eAceasta este o practic\u0103 standard pentru toate partidele social-democrate mature din Europa. Niciun partid serios [&hellip;]<\/p>\n","protected":false},"author":2,"featured_media":5750,"comment_status":"open","ping_status":"open","sticky":false,"template":"","format":"standard","meta":{"jnews-multi-image_gallery":[],"jnews_single_post":[],"jnews_primary_category":[],"jnews_override_counter":[],"footnotes":""},"categories":[39],"tags":[8615,636,3529,8617,8616,8614,8618,637],"class_list":["post-5749","post","type-post","status-publish","format-standard","has-post-thumbnail","hentry","category-stirile-zilei","tag-analiza-guvernamentala","tag-coalitie","tag-evaluare","tag-guvernarea-romaniei","tag-partid-social-democrat","tag-pes-activists","tag-rezultate-vizibile","tag-sorin-grindeanu"],"_links":{"self":[{"href":"https:\/\/www.newsrecorder.ro\/app\/wp-json\/wp\/v2\/posts\/5749","targetHints":{"allow":["GET"]}}],"collection":[{"href":"https:\/\/www.newsrecorder.ro\/app\/wp-json\/wp\/v2\/posts"}],"about":[{"href":"https:\/\/www.newsrecorder.ro\/app\/wp-json\/wp\/v2\/types\/post"}],"author":[{"embeddable":true,"href":"https:\/\/www.newsrecorder.ro\/app\/wp-json\/wp\/v2\/users\/2"}],"replies":[{"embeddable":true,"href":"https:\/\/www.newsrecorder.ro\/app\/wp-json\/wp\/v2\/comments?post=5749"}],"version-history":[{"count":0,"href":"https:\/\/www.newsrecorder.ro\/app\/wp-json\/wp\/v2\/posts\/5749\/revisions"}],"wp:featuredmedia":[{"embeddable":true,"href":"https:\/\/www.newsrecorder.ro\/app\/wp-json\/wp\/v2\/media\/5750"}],"wp:attachment":[{"href":"https:\/\/www.newsrecorder.ro\/app\/wp-json\/wp\/v2\/media?parent=5749"}],"wp:term":[{"taxonomy":"category","embeddable":true,"href":"https:\/\/www.newsrecorder.ro\/app\/wp-json\/wp\/v2\/categories?post=5749"},{"taxonomy":"post_tag","embeddable":true,"href":"https:\/\/www.newsrecorder.ro\/app\/wp-json\/wp\/v2\/tags?post=5749"}],"curies":[{"name":"wp","href":"https:\/\/api.w.org\/{rel}","templated":true}]}}