{"id":5769,"date":"2026-02-28T17:08:35","date_gmt":"2026-02-28T17:08:35","guid":{"rendered":"https:\/\/www.newsrecorder.ro\/app\/2026\/02\/28\/pamantul-atinge-limita-momentul-critic-fara-intoarcere\/"},"modified":"2026-02-28T17:08:35","modified_gmt":"2026-02-28T17:08:35","slug":"pamantul-atinge-limita-momentul-critic-fara-intoarcere","status":"publish","type":"post","link":"https:\/\/www.newsrecorder.ro\/app\/2026\/02\/28\/pamantul-atinge-limita-momentul-critic-fara-intoarcere\/","title":{"rendered":"P\u0103m\u00e2ntul atinge limita: momentul critic f\u0103r\u0103 \u00eentoarcere!"},"content":{"rendered":"<p class=\"font-claude-response-body break-words whitespace-normal leading-[1.7]\">Cercet\u0103torii de la Universitatea de Stat din Oregon au anun\u021bat o descoperire alarmant\u0103: \u00eenc\u0103lzirea global\u0103 a dep\u0103\u0219it pragul de 1,5 grade Celsius timp de 12 luni consecutive, conform standardelor stabilite prin Acordul de la Paris. \u00cen plus, nivelurile de dioxid de carbon din atmosfer\u0103 au crescut cu 50% fa\u021b\u0103 de perioada preindustrial\u0103, potrivit unui raport publicat de <a href=\"https:\/\/www.thecooldown.com\/\" target=\"_blank\" rel=\"noopener\">thecooldown.com<\/a>.<\/p>\n<p class=\"font-claude-response-body break-words whitespace-normal leading-[1.7]\">Studiul a investigat 16 factori esen\u021biali ai mediului, inclusiv calotele glaciare din Antarctica \u0219i p\u0103durile amazoniene. Stabilitatea acestor ecosisteme este crucial\u0103, deoarece destabilizarea lor poate duce la efecte \u00een lan\u021b devastatoare. De exemplu, topirea ghe\u021bii reduce eficien\u021ba natural\u0103 de r\u0103cire a planetei, \u00een timp ce dispari\u021bia p\u0103durilor agraveaz\u0103 fenomenul \u00eenc\u0103lzirii globale.<\/p>\n<p class=\"font-claude-response-body break-words whitespace-normal leading-[1.7]\">\u201eDup\u0103 un milion de ani de fluctua\u021bii climatice, clima P\u0103m\u00e2ntului s-a stabilizat acum 11.000 de ani, facilit\u00e2nd dezvoltarea agriculturii \u0219i apari\u021bia civiliza\u021biilor\u201d, a declarat profesorul William Ripple de la Universitatea de Stat din Oregon. \u201eAcum, ne \u00eendep\u0103rt\u0103m rapid de aceast\u0103 stabilitate\u201d, a subliniat el, aduc\u00e2nd \u00een aten\u021bie gravitatea situa\u021biei.<\/p>\n<p class=\"font-claude-response-body break-words whitespace-normal leading-[1.7]\">\u00cenc\u0103lzirea constant\u0103 a atmosferei coincide cu o cre\u0219tere alarmant\u0103 a incendiilor devastatoare \u0219i a inunda\u021biilor mortale care afecteaz\u0103 comunit\u0103\u021bi \u00eentregi. Fenomenele meteorologice extreme devin din ce \u00een ce mai frecvente pe m\u0103sur\u0103 ce temperatura global\u0103 continu\u0103 s\u0103 creasc\u0103. <a href=\"https:\/\/www.mediafax.ro\/stiinta-sanatate\/plastic-peste-tot-boli-peste-tot-avertismentul-cercetatorilor-pentru-urmatorii-15-ani-23681181\">Familiile \u0219i comunit\u0103\u021bile<\/a> se confrunt\u0103 cu costuri din ce \u00een ce mai mari, iar f\u0103r\u0103 interven\u021bii rapide, risc\u0103 s\u0103 \u00ee\u0219i piard\u0103 at\u00e2t locuin\u021bele, c\u00e2t \u0219i s\u0103n\u0103tatea.<\/p>\n<p class=\"font-claude-response-body break-words whitespace-normal leading-[1.7]\">\u00cen acest context, oamenii de \u0219tiin\u021b\u0103 fac apel la autorit\u0103\u021bile competente pentru a lua m\u0103suri proactive \u00eenainte ca planeta s\u0103 ating\u0103 punctul de cotitur\u0103. Este esen\u021bial s\u0103 se pun\u0103 accentul pe prevenire, deoarece ac\u021biunile preventive sunt mai eficiente dec\u00e2t remedierea daunelor deja cauzate. Tranzi\u021bia c\u0103tre surse de energie regenerabil\u0103 este una dintre solu\u021biile cheie pe care cercet\u0103torii le recomand\u0103.<\/p>\n<p class=\"font-claude-response-body break-words whitespace-normal leading-[1.7]\">Publicat \u00een revista One Earth, acest studiu reprezint\u0103 unul dintre cele mai clare avertismente \u0219tiin\u021bifice din ultimii ani. Dac\u0103 tendin\u021bele actuale de \u00eenc\u0103lzire continu\u0103, schimb\u0103rile climatice vor intra \u00eentr-o faz\u0103 f\u0103r\u0103 precedent \u00een istoria omenirii.<\/p>\n","protected":false},"excerpt":{"rendered":"<p>Cercet\u0103torii de la Universitatea de Stat din Oregon au anun\u021bat o descoperire alarmant\u0103: \u00eenc\u0103lzirea global\u0103 a dep\u0103\u0219it pragul de 1,5 grade Celsius timp de 12 luni consecutive, conform standardelor stabilite prin Acordul de la Paris. \u00cen plus, nivelurile de dioxid de carbon din atmosfer\u0103 au crescut cu 50% fa\u021b\u0103 de perioada preindustrial\u0103, potrivit unui raport [&hellip;]<\/p>\n","protected":false},"author":5,"featured_media":5770,"comment_status":"open","ping_status":"open","sticky":false,"template":"","format":"standard","meta":{"jnews-multi-image_gallery":[],"jnews_single_post":[],"jnews_primary_category":[],"jnews_override_counter":[],"footnotes":""},"categories":[45],"tags":[8648,8649,8647,8651,8646,8650,1641,8652],"class_list":["post-5769","post","type-post","status-publish","format-standard","has-post-thumbnail","hentry","category-meteo","tag-acordul-de-la-paris","tag-calotele-glaciare","tag-dioxid-de-carbon","tag-ecosisteme","tag-incalzire-globala","tag-padurile-amazoniene","tag-schimbari-climatice","tag-topirea-ghetii"],"_links":{"self":[{"href":"https:\/\/www.newsrecorder.ro\/app\/wp-json\/wp\/v2\/posts\/5769","targetHints":{"allow":["GET"]}}],"collection":[{"href":"https:\/\/www.newsrecorder.ro\/app\/wp-json\/wp\/v2\/posts"}],"about":[{"href":"https:\/\/www.newsrecorder.ro\/app\/wp-json\/wp\/v2\/types\/post"}],"author":[{"embeddable":true,"href":"https:\/\/www.newsrecorder.ro\/app\/wp-json\/wp\/v2\/users\/5"}],"replies":[{"embeddable":true,"href":"https:\/\/www.newsrecorder.ro\/app\/wp-json\/wp\/v2\/comments?post=5769"}],"version-history":[{"count":0,"href":"https:\/\/www.newsrecorder.ro\/app\/wp-json\/wp\/v2\/posts\/5769\/revisions"}],"wp:featuredmedia":[{"embeddable":true,"href":"https:\/\/www.newsrecorder.ro\/app\/wp-json\/wp\/v2\/media\/5770"}],"wp:attachment":[{"href":"https:\/\/www.newsrecorder.ro\/app\/wp-json\/wp\/v2\/media?parent=5769"}],"wp:term":[{"taxonomy":"category","embeddable":true,"href":"https:\/\/www.newsrecorder.ro\/app\/wp-json\/wp\/v2\/categories?post=5769"},{"taxonomy":"post_tag","embeddable":true,"href":"https:\/\/www.newsrecorder.ro\/app\/wp-json\/wp\/v2\/tags?post=5769"}],"curies":[{"name":"wp","href":"https:\/\/api.w.org\/{rel}","templated":true}]}}