{"id":5785,"date":"2026-02-28T19:08:00","date_gmt":"2026-02-28T19:08:00","guid":{"rendered":"https:\/\/www.newsrecorder.ro\/app\/2026\/02\/28\/alerta-anm-viscol-si-zapada-de-pana-la-15-cm-in-bucuresti-2\/"},"modified":"2026-02-28T19:08:00","modified_gmt":"2026-02-28T19:08:00","slug":"alerta-anm-viscol-si-zapada-de-pana-la-15-cm-in-bucuresti-2","status":"publish","type":"post","link":"https:\/\/www.newsrecorder.ro\/app\/2026\/02\/28\/alerta-anm-viscol-si-zapada-de-pana-la-15-cm-in-bucuresti-2\/","title":{"rendered":"Alert\u0103 ANM: Viscol \u0219i z\u0103pad\u0103 de p\u00e2n\u0103 la 15 cm \u00een Bucure\u0219ti!"},"content":{"rendered":"<p class=\"font-claude-response-body break-words whitespace-normal leading-[1.7]\">Capitala Rom\u00e2niei se preg\u0103te\u0219te pentru o serie de fenomene meteorologice severe, incluz\u00e2nd intensific\u0103ri ale <a href=\"https:\/\/www.mediafax.ro\/meteo\/anm-cod-galben-de-viscol-si-ninsori-in-jumatate-de-tara-rafale-de-pana-la-70-km-h-23690081\">v\u00e2ntului<\/a>, ninsori abundente, viscol \u0219i un nou strat de z\u0103pad\u0103. \u00cen plus, o <a href=\"https:\/\/www.meteoromania.ro\/\" target=\"_blank\" rel=\"noopener\">informare<\/a> privind vremea extrem de rece este activ\u0103 pentru aceea\u0219i perioad\u0103.<\/p>\n<p><strong>Vineri, 20 februarie: ploi, polei \u0219i ninsoare<\/strong><\/p>\n<p class=\"font-claude-response-body break-words whitespace-normal leading-[1.7]\">Pe parcursul zilei de vineri, cerul se va acoperi treptat de nori, iar din a doua parte a zilei se vor \u00eenregistra precipita\u021bii sub form\u0103 de ploaie. Temperatura maxim\u0103 se va situa \u00eentre 2 \u0219i 3 grade Celsius.<\/p>\n<p class=\"font-claude-response-body break-words whitespace-normal leading-[1.7]\">Dup\u0103-amiaz\u0103, v\u00e2ntul va prinde putere, cu rafale ce vor atinge viteze de 55-65 km\/h. Noaptea, precipita\u021biile se vor transforma \u00een mixte, iar riscul de polei \u0219i ghe\u021bu\u0219 devine semnificativ, urmat de ninsoare. Vizibilitatea va sc\u0103dea sub 100 de metri, iar un nou strat de z\u0103pad\u0103 de 6-8 cm se va depune, inegal.<\/p>\n<p><strong>S\u00e2mb\u0103t\u0103, 21 februarie: ger, ninsori puternice \u0219i viscol<\/strong><\/p>\n<p class=\"font-claude-response-body break-words whitespace-normal leading-[1.7]\">S\u00e2mb\u0103t\u0103, vremea va deveni extrem de rece, cu ninsori \u00eensemnate cantitativ, stratul de z\u0103pad\u0103 ajung\u00e2nd la 10-15 cm. V\u00e2ntul va viscoli ninsoarea \u00een prima parte a zilei, cu rafale de 40-45 km\/h. Temperaturile maxime nu vor dep\u0103\u0219i -2 p\u00e2n\u0103 la -3 grade, iar minimele se vor situa \u00eentre -4 \u0219i -3 grade.<\/p>\n<p>\u00centre 20 februarie, ora 10 \u0219i 22 februarie, ora 10, municipiul Bucure\u0219ti va beneficia de o informare meteorologic\u0103 referitoare la vremea extrem de rece.<\/p>\n<p>De asemenea, \u00eentre 20 februarie, ora 12 \u0219i 22 februarie, ora 10, pentru Bucure\u0219ti va fi activ\u0103 o aten\u021bionare meteorologic\u0103 ce va viza intensific\u0103rile v\u00e2ntului, precipita\u021biile semnificative, ninsorile, viscolul \u0219i stratul de z\u0103pad\u0103.<\/p>\n","protected":false},"excerpt":{"rendered":"<p>Capitala Rom\u00e2niei se preg\u0103te\u0219te pentru o serie de fenomene meteorologice severe, incluz\u00e2nd intensific\u0103ri ale v\u00e2ntului, ninsori abundente, viscol \u0219i un nou strat de z\u0103pad\u0103. \u00cen plus, o informare privind vremea extrem de rece este activ\u0103 pentru aceea\u0219i perioad\u0103. Vineri, 20 februarie: ploi, polei \u0219i ninsoare Pe parcursul zilei de vineri, cerul se va acoperi treptat [&hellip;]<\/p>\n","protected":false},"author":5,"featured_media":5786,"comment_status":"open","ping_status":"open","sticky":false,"template":"","format":"standard","meta":{"jnews-multi-image_gallery":[],"jnews_single_post":[],"jnews_primary_category":[],"jnews_override_counter":[],"footnotes":""},"categories":[45],"tags":[974,128,127,136,137,1142,1141,729],"class_list":["post-5785","post","type-post","status-publish","format-standard","has-post-thumbnail","hentry","category-meteo","tag-conditii-meteorologice","tag-ger","tag-ninsori","tag-polei","tag-vant","tag-viscol","tag-vreme-severa","tag-zapada"],"_links":{"self":[{"href":"https:\/\/www.newsrecorder.ro\/app\/wp-json\/wp\/v2\/posts\/5785","targetHints":{"allow":["GET"]}}],"collection":[{"href":"https:\/\/www.newsrecorder.ro\/app\/wp-json\/wp\/v2\/posts"}],"about":[{"href":"https:\/\/www.newsrecorder.ro\/app\/wp-json\/wp\/v2\/types\/post"}],"author":[{"embeddable":true,"href":"https:\/\/www.newsrecorder.ro\/app\/wp-json\/wp\/v2\/users\/5"}],"replies":[{"embeddable":true,"href":"https:\/\/www.newsrecorder.ro\/app\/wp-json\/wp\/v2\/comments?post=5785"}],"version-history":[{"count":0,"href":"https:\/\/www.newsrecorder.ro\/app\/wp-json\/wp\/v2\/posts\/5785\/revisions"}],"wp:featuredmedia":[{"embeddable":true,"href":"https:\/\/www.newsrecorder.ro\/app\/wp-json\/wp\/v2\/media\/5786"}],"wp:attachment":[{"href":"https:\/\/www.newsrecorder.ro\/app\/wp-json\/wp\/v2\/media?parent=5785"}],"wp:term":[{"taxonomy":"category","embeddable":true,"href":"https:\/\/www.newsrecorder.ro\/app\/wp-json\/wp\/v2\/categories?post=5785"},{"taxonomy":"post_tag","embeddable":true,"href":"https:\/\/www.newsrecorder.ro\/app\/wp-json\/wp\/v2\/tags?post=5785"}],"curies":[{"name":"wp","href":"https:\/\/api.w.org\/{rel}","templated":true}]}}