{"id":581,"date":"2026-01-25T22:06:31","date_gmt":"2026-01-25T22:06:31","guid":{"rendered":"https:\/\/www.newsrecorder.ro\/app\/2026\/01\/25\/inima-franta-naomi-osaka-renunta-la-australian-open-dupa-scandalul-cu-sorana\/"},"modified":"2026-01-25T22:06:31","modified_gmt":"2026-01-25T22:06:31","slug":"inima-franta-naomi-osaka-renunta-la-australian-open-dupa-scandalul-cu-sorana","status":"publish","type":"post","link":"https:\/\/www.newsrecorder.ro\/app\/2026\/01\/25\/inima-franta-naomi-osaka-renunta-la-australian-open-dupa-scandalul-cu-sorana\/","title":{"rendered":"\u201eInim\u0103 fr\u00e2nt\u0103: Naomi Osaka renun\u021b\u0103 la Australian Open dup\u0103 scandalul cu Sorana\u201d"},"content":{"rendered":"<p>Naomi Osaka a luat decizia de a se retrage de la Australian Open cu doar c\u00e2teva ore \u00eenainte de a-\u0219i disputa meciul \u00eempotriva australiencei Maddison Inglis, care a ob\u021binut locul \u00een competi\u021bie printr-o calificare, conform <a href=\"https:\/\/www.theguardian.com\/sport\/2026\/jan\/24\/naomi-osaka-pulls-out-australian-open-injury-tennis\">The Guardian<\/a>.<\/p>\n<p>Sportiva japonez\u0103 a men\u021bionat c\u0103 retragerea se datoreaz\u0103 unei probleme abdominale, care a ap\u0103rut \u00een urma modific\u0103rilor survenite dup\u0103 sarcin\u0103.<\/p>\n<p>Anun\u021bul retragerii a fost f\u0103cut t\u00e2rziu, s\u00e2mb\u0103t\u0103 seara, la Melbourne, \u00eentr-un moment \u00een care ora\u0219ul se confrunta cu temperaturi extrem de ridicate.<\/p>\n<p>C\u0103ldura intens\u0103 din Melbourne a dus la activarea protocoalelor speciale de siguran\u021b\u0103 ale turneului, inclusiv \u00eenchiderea acoperi\u0219urilor arenelor pentru a proteja juc\u0103torii \u0219i spectatorii.<\/p>\n<p>Retragerea lui Osaka a propulsat-o pe Maddison Inglis direct \u00eentr-un duel surpriz\u0103 \u00een turul patru cu a doua favorit\u0103 a competi\u021biei, Iga Swiatek. Juc\u0103toarea polonez\u0103 a reu\u0219it s\u0103 treac\u0103 cu emo\u021bii de rusoaica Anna Kalinskaya, \u00eenving\u00e2nd-o cu 6-1, 1-6, 6-1, dup\u0103 un meci care a durat o or\u0103 \u0219i 44 de minute, p\u0103str\u00e2ndu-\u0219i astfel \u0219ansele la c\u00e2\u0219tigarea unui titlu de Grand Slam.<\/p>\n<p>De dou\u0103 ori campioan\u0103 la Australian Open, Naomi Osaka a explicat \u00eentr-un comunicat c\u0103 accidentarea sa nu este una recent\u0103 \u0219i c\u0103 a mai experimentat astfel de situa\u021bii \u201ede c\u00e2teva ori\u201d \u00een carier\u0103. \u201eAm crezut c\u0103 pot s\u0103 trec peste asta. Am jucat ultimul meu meci cu ceva dureri \u0219i m-am g\u00e2ndit c\u0103, dac\u0103 \u00eemi acord o pauz\u0103 \u00eenainte de meciul de ast\u0103zi, voi putea s\u0103 fac fa\u021b\u0103, dar dup\u0103 \u00eenc\u0103lzire, durerea s-a agravat\u201d, a declarat sportiva.<\/p>\n<p>\u00cen turul doi, Osaka a reu\u0219it s\u0103 o elimine pe rom\u00e2nca <strong>Sorana C\u00eerstea<\/strong>, clasat\u0103 pe locul 41 WTA, dup\u0103 un meci tensionat care s-a \u00eencheiat \u00een trei seturi: 6-3, 4-6, 6-2. Partida a fost una intens\u0103, iar Sorana C\u00eerstea a reclamat comportamentul nesportiv al adversarei sale.<\/p>\n<p>\u201eCu siguran\u021b\u0103 trebuie s\u0103 fac mai multe teste \u0219i, dup\u0103 sarcin\u0103, corpul meu s-a schimbat destul de mult. A\u0219adar, trebuie s\u0103 fiu foarte atent\u0103 la acest aspect\u201d, a ad\u0103ugat Osaka.<\/p>\n<p>Sportiva a mai avut probleme abdominale \u0219i \u00een trecut, retr\u0103g\u00e2ndu-se anul trecut \u00een turul trei de la Melbourne Park, \u00een meciul cu Belinda Bencic. La v\u00e2rsta de 28 de ani, ea se num\u0103r\u0103 printre cele trei mame din top 20 mondial la simplu feminin.<\/p>\n<p>Osaka \u0219i-a anun\u021bat retragerea ini\u021bial pe Instagram, la ora 20:00, ora local\u0103, \u00een timp ce meciul precedent se desf\u0103\u0219ura deja pe arena principal\u0103. \u201eEram foarte entuziasmat\u0103 s\u0103 continui \u0219i aceast\u0103 serie a \u00eensemnat foarte mult pentru mine, a\u0219a c\u0103 faptul c\u0103 trebuie s\u0103 m\u0103 opresc aici \u00eemi fr\u00e2nge inima, dar nu pot risca s\u0103 agravez situa\u021bia pentru a putea reveni pe teren\u201d, a concluzionat ea.<\/p>\n","protected":false},"excerpt":{"rendered":"<p>Naomi Osaka a luat decizia de a se retrage de la Australian Open cu doar c\u00e2teva ore \u00eenainte de a-\u0219i disputa meciul \u00eempotriva australiencei Maddison Inglis, care a ob\u021binut locul \u00een competi\u021bie printr-o calificare, conform The Guardian. Sportiva japonez\u0103 a men\u021bionat c\u0103 retragerea se datoreaz\u0103 unei probleme abdominale, care a ap\u0103rut \u00een urma modific\u0103rilor survenite [&hellip;]<\/p>\n","protected":false},"author":6,"featured_media":582,"comment_status":"open","ping_status":"open","sticky":false,"template":"","format":"standard","meta":{"jnews-multi-image_gallery":[],"jnews_single_post":[],"jnews_primary_category":[],"jnews_override_counter":[],"footnotes":""},"categories":[46],"tags":[66,148,992,990,987,989,991,988],"class_list":["post-581","post","type-post","status-publish","format-standard","has-post-thumbnail","hentry","category-sport","tag-australian-open","tag-caldura","tag-iga-swiatek","tag-maddison-inglis","tag-naomi-osaka","tag-probleme-abdominale","tag-protocoale-de-siguranta","tag-retragere"],"_links":{"self":[{"href":"https:\/\/www.newsrecorder.ro\/app\/wp-json\/wp\/v2\/posts\/581","targetHints":{"allow":["GET"]}}],"collection":[{"href":"https:\/\/www.newsrecorder.ro\/app\/wp-json\/wp\/v2\/posts"}],"about":[{"href":"https:\/\/www.newsrecorder.ro\/app\/wp-json\/wp\/v2\/types\/post"}],"author":[{"embeddable":true,"href":"https:\/\/www.newsrecorder.ro\/app\/wp-json\/wp\/v2\/users\/6"}],"replies":[{"embeddable":true,"href":"https:\/\/www.newsrecorder.ro\/app\/wp-json\/wp\/v2\/comments?post=581"}],"version-history":[{"count":0,"href":"https:\/\/www.newsrecorder.ro\/app\/wp-json\/wp\/v2\/posts\/581\/revisions"}],"wp:featuredmedia":[{"embeddable":true,"href":"https:\/\/www.newsrecorder.ro\/app\/wp-json\/wp\/v2\/media\/582"}],"wp:attachment":[{"href":"https:\/\/www.newsrecorder.ro\/app\/wp-json\/wp\/v2\/media?parent=581"}],"wp:term":[{"taxonomy":"category","embeddable":true,"href":"https:\/\/www.newsrecorder.ro\/app\/wp-json\/wp\/v2\/categories?post=581"},{"taxonomy":"post_tag","embeddable":true,"href":"https:\/\/www.newsrecorder.ro\/app\/wp-json\/wp\/v2\/tags?post=581"}],"curies":[{"name":"wp","href":"https:\/\/api.w.org\/{rel}","templated":true}]}}