{"id":5835,"date":"2026-03-01T00:37:37","date_gmt":"2026-03-01T00:37:37","guid":{"rendered":"https:\/\/www.newsrecorder.ro\/app\/2026\/03\/01\/vicepresedintele-camerei-deputatilor-adrian-cozma-prins-in-dubai\/"},"modified":"2026-03-01T00:37:37","modified_gmt":"2026-03-01T00:37:37","slug":"vicepresedintele-camerei-deputatilor-adrian-cozma-prins-in-dubai","status":"publish","type":"post","link":"https:\/\/www.newsrecorder.ro\/app\/2026\/03\/01\/vicepresedintele-camerei-deputatilor-adrian-cozma-prins-in-dubai\/","title":{"rendered":"Vicepre\u0219edintele Camerei Deputa\u021bilor, Adrian Cozma, prins \u00een Dubai!"},"content":{"rendered":"<p>Din cauza \u00eenchiderii spa\u021biului aerian \u0219i a suspend\u0103rii zborurilor c\u0103tre \u0219i dinspre Rom\u00e2nia, deputatul Adrian Cozma se afl\u0103 \u00eentr-o situa\u021bie dificil\u0103, fiind incapabil s\u0103 se \u00eentoarc\u0103 \u00een \u021bar\u0103 pentru cel pu\u021bin o s\u0103pt\u0103m\u00e2n\u0103, conform unei reportaje de la <a href=\"https:\/\/www.gandul.ro\/actualitate\/vicepresedintele-camerei-deputatilor-din-romania-este-blocat-de-razboi-in-dubai-inainte-sa-coboare-in-adapost-a-filmat-cum-este-bombardata-cladirea-din-fata-hotelului-20817289\" target=\"_blank\" rel=\"noopener\">G\u00e2ndul<\/a>.<\/p>\n<p>Adrian Cozma se afla \u00een vacan\u021b\u0103 al\u0103turi de so\u021bia sa, Adina, \u0219i cei doi copii, Alma (5 ani) \u0219i Andrei (7 ani). Duminic\u0103, familia era programat\u0103 s\u0103 se \u00eentoarc\u0103 \u00een Rom\u00e2nia, dar planurile lor au fost perturbate drastic de izbucnirea conflictului armat din zon\u0103. Cu doar c\u00e2teva ore \u00eenainte de atacuri, membrii familiei se bucurau de vacan\u021b\u0103, surprinz\u00e2nd momente fericite \u00een fa\u021ba unor obiective turistice de lux.<\/p>\n<p>Caza\u021bi la Hotelul Fairmont, Cozma \u0219i familia sa au fost martorii unei bombard\u0103ri care a avut loc \u00een apropierea loca\u021biei unde se aflau. Deputatul a reu\u0219it s\u0103 captureze c\u00e2teva imagini \u0219i un scurt videoclip, \u00een care se aude vocea sa \u00eengrijorat\u0103 \u00een timp ce \u00ee\u0219i adun\u0103 familia pentru a se \u00eendrepta spre un ad\u0103post. \u00cenainte de a cobor\u00ee, Adrian Cozma a trimis imaginile prietenilor din Rom\u00e2nia, astfel \u00eenc\u00e2t cineva s\u0103 \u0219tie unde se afl\u0103 \u00een aceast\u0103 situa\u021bie tensionat\u0103.<\/p>\n<p>S\u00e2mb\u0103t\u0103 diminea\u021b\u0103, Israelul, cu sprijinul Statelor Unite, a demarat atacuri asupra Iranului, iar autorit\u0103\u021bile israeliene au declarat stare de urgen\u021b\u0103 la nivel na\u021bional, anticip\u00e2nd posibile represalii. Aceast\u0103 ac\u021biune militar\u0103 vine dup\u0103 un r\u0103zboi aerian de 12 zile desf\u0103\u0219urat \u00een luna iunie \u0219i \u00een urma avertismentelor repetate legate de programele nucleare \u0219i balistice ale Iranului.<\/p>\n<p>\u00cen prezent, vicepre\u0219edintele Camerei Deputa\u021bilor \u0219i familia sa sunt \u00een siguran\u021b\u0103, dar r\u0103m\u00e2n bloca\u021bi \u00een Dubai p\u00e2n\u0103 la reluarea zborurilor. Autorit\u0103\u021bile rom\u00e2ne monitorizeaz\u0103 situa\u021bia din zon\u0103 \u0219i \u00eei sf\u0103tuiesc pe cet\u0103\u021benii rom\u00e2ni afla\u021bi \u00een apropiere s\u0103 respecte indica\u021biile de securitate.<\/p>\n","protected":false},"excerpt":{"rendered":"<p>Din cauza \u00eenchiderii spa\u021biului aerian \u0219i a suspend\u0103rii zborurilor c\u0103tre \u0219i dinspre Rom\u00e2nia, deputatul Adrian Cozma se afl\u0103 \u00eentr-o situa\u021bie dificil\u0103, fiind incapabil s\u0103 se \u00eentoarc\u0103 \u00een \u021bar\u0103 pentru cel pu\u021bin o s\u0103pt\u0103m\u00e2n\u0103, conform unei reportaje de la G\u00e2ndul. Adrian Cozma se afla \u00een vacan\u021b\u0103 al\u0103turi de so\u021bia sa, Adina, \u0219i cei doi copii, Alma [&hellip;]<\/p>\n","protected":false},"author":2,"featured_media":5836,"comment_status":"open","ping_status":"open","sticky":false,"template":"","format":"standard","meta":{"jnews-multi-image_gallery":[],"jnews_single_post":[],"jnews_primary_category":[],"jnews_override_counter":[],"footnotes":""},"categories":[42],"tags":[8687,8690,5110,812,8689,149,4320,8688],"class_list":["post-5835","post","type-post","status-publish","format-standard","has-post-thumbnail","hentry","category-politica","tag-adrian-cozma","tag-bombardare","tag-conflict-armat","tag-familie","tag-hotel-fairmont","tag-romania","tag-vacanta","tag-zboruri-suspendate"],"_links":{"self":[{"href":"https:\/\/www.newsrecorder.ro\/app\/wp-json\/wp\/v2\/posts\/5835","targetHints":{"allow":["GET"]}}],"collection":[{"href":"https:\/\/www.newsrecorder.ro\/app\/wp-json\/wp\/v2\/posts"}],"about":[{"href":"https:\/\/www.newsrecorder.ro\/app\/wp-json\/wp\/v2\/types\/post"}],"author":[{"embeddable":true,"href":"https:\/\/www.newsrecorder.ro\/app\/wp-json\/wp\/v2\/users\/2"}],"replies":[{"embeddable":true,"href":"https:\/\/www.newsrecorder.ro\/app\/wp-json\/wp\/v2\/comments?post=5835"}],"version-history":[{"count":0,"href":"https:\/\/www.newsrecorder.ro\/app\/wp-json\/wp\/v2\/posts\/5835\/revisions"}],"wp:featuredmedia":[{"embeddable":true,"href":"https:\/\/www.newsrecorder.ro\/app\/wp-json\/wp\/v2\/media\/5836"}],"wp:attachment":[{"href":"https:\/\/www.newsrecorder.ro\/app\/wp-json\/wp\/v2\/media?parent=5835"}],"wp:term":[{"taxonomy":"category","embeddable":true,"href":"https:\/\/www.newsrecorder.ro\/app\/wp-json\/wp\/v2\/categories?post=5835"},{"taxonomy":"post_tag","embeddable":true,"href":"https:\/\/www.newsrecorder.ro\/app\/wp-json\/wp\/v2\/tags?post=5835"}],"curies":[{"name":"wp","href":"https:\/\/api.w.org\/{rel}","templated":true}]}}