{"id":5859,"date":"2026-03-01T00:41:02","date_gmt":"2026-03-01T00:41:02","guid":{"rendered":"https:\/\/www.newsrecorder.ro\/app\/2026\/03\/01\/kievul-anunta-rusia-a-dat-unda-verde-planului-de-securitate-al-sua\/"},"modified":"2026-03-01T00:41:02","modified_gmt":"2026-03-01T00:41:02","slug":"kievul-anunta-rusia-a-dat-unda-verde-planului-de-securitate-al-sua","status":"publish","type":"post","link":"https:\/\/www.newsrecorder.ro\/app\/2026\/03\/01\/kievul-anunta-rusia-a-dat-unda-verde-planului-de-securitate-al-sua\/","title":{"rendered":"Kievul anun\u021b\u0103: Rusia a dat und\u0103 verde planului de securitate al SUA!"},"content":{"rendered":"<p>\u00cen cadrul unor recente discu\u021bii, partea rus\u0103 a afirmat c\u0103 este deschis\u0103 s\u0103 accepte garan\u021biile de securitate propuse Ucrainei de c\u0103tre Statele Unite, conform declara\u021biilor lui Kyrylo Budanov, consilier principal, \u00eentr-un interviu transmis pe televiziunea ucrainean\u0103.<\/p>\n<p>Pre\u0219edintele american, Donald Trump, a lansat un apel c\u0103tre Moscova \u0219i Kiev, \u00eendemn\u00e2ndu-le s\u0103 ajung\u0103 la un acord care s\u0103 pun\u0103 cap\u0103t conflictului armat, cel mai amplu registru de violen\u021b\u0103 din Europa dup\u0103 1945. Totu\u0219i, pre\u0219edintele Ucrainei, Volodimir Zelenski, a exprimat recent nemul\u021bumiri legate de presiunea cresc\u00e2nd\u0103 asupra \u021b\u0103rii sale de a face concesii.<\/p>\n<p>Ucraina \u00ee\u0219i dore\u0219te garan\u021bii de securitate solide, care s\u0103 oblige at\u00e2t Statele Unite, c\u00e2t \u0219i alia\u021bii europeni s\u0103 intervin\u0103 \u00een cazul unei noi agresiuni ruse\u0219ti dup\u0103 semnarea unui posibil acord de pace.<\/p>\n<p>\u00cen ceea ce prive\u0219te ultimele negocieri de pace, desf\u0103\u0219urate s\u0103pt\u0103m\u00e2na trecut\u0103 la Geneva, acestea nu au adus progrese semnificative, fiind descrise ca fiind dificile at\u00e2t de c\u0103tre reprezentan\u021bii Ucrainei, c\u00e2t \u0219i de cei ai Rusiei. Totu\u0219i, oficialii de la Washington au men\u021bionat c\u0103 au observat \u201eprogrese semnificative\u201d \u00een cadrul discu\u021biilor.<\/p>\n<p>Budanov a ad\u0103ugat c\u0103, \u00een prezent, Rusia nu a acceptat s\u0103 organizeze un summit \u00eentre pre\u0219edintele Zelenski \u0219i liderul rus Vladimir Putin, o sugestie care fusese avansat\u0103 anterior de trimisul special al SUA, Steve Witkoff.<\/p>\n","protected":false},"excerpt":{"rendered":"<p>\u00cen cadrul unor recente discu\u021bii, partea rus\u0103 a afirmat c\u0103 este deschis\u0103 s\u0103 accepte garan\u021biile de securitate propuse Ucrainei de c\u0103tre Statele Unite, conform declara\u021biilor lui Kyrylo Budanov, consilier principal, \u00eentr-un interviu transmis pe televiziunea ucrainean\u0103. Pre\u0219edintele american, Donald Trump, a lansat un apel c\u0103tre Moscova \u0219i Kiev, \u00eendemn\u00e2ndu-le s\u0103 ajung\u0103 la un acord care [&hellip;]<\/p>\n","protected":false},"author":2,"featured_media":5860,"comment_status":"open","ping_status":"open","sticky":false,"template":"","format":"standard","meta":{"jnews-multi-image_gallery":[],"jnews_single_post":[],"jnews_primary_category":[],"jnews_override_counter":[],"footnotes":""},"categories":[41],"tags":[5016,5110,31,1089,5184,681,682,1087],"class_list":["post-5859","post","type-post","status-publish","format-standard","has-post-thumbnail","hentry","category-externe","tag-agresiune-ruseasca","tag-conflict-armat","tag-jnews_demo_donald-trump","tag-garantii-de-securitate","tag-negocieri-de-pace","tag-rusia","tag-ucraina","tag-volodimir-zelenski"],"_links":{"self":[{"href":"https:\/\/www.newsrecorder.ro\/app\/wp-json\/wp\/v2\/posts\/5859","targetHints":{"allow":["GET"]}}],"collection":[{"href":"https:\/\/www.newsrecorder.ro\/app\/wp-json\/wp\/v2\/posts"}],"about":[{"href":"https:\/\/www.newsrecorder.ro\/app\/wp-json\/wp\/v2\/types\/post"}],"author":[{"embeddable":true,"href":"https:\/\/www.newsrecorder.ro\/app\/wp-json\/wp\/v2\/users\/2"}],"replies":[{"embeddable":true,"href":"https:\/\/www.newsrecorder.ro\/app\/wp-json\/wp\/v2\/comments?post=5859"}],"version-history":[{"count":0,"href":"https:\/\/www.newsrecorder.ro\/app\/wp-json\/wp\/v2\/posts\/5859\/revisions"}],"wp:featuredmedia":[{"embeddable":true,"href":"https:\/\/www.newsrecorder.ro\/app\/wp-json\/wp\/v2\/media\/5860"}],"wp:attachment":[{"href":"https:\/\/www.newsrecorder.ro\/app\/wp-json\/wp\/v2\/media?parent=5859"}],"wp:term":[{"taxonomy":"category","embeddable":true,"href":"https:\/\/www.newsrecorder.ro\/app\/wp-json\/wp\/v2\/categories?post=5859"},{"taxonomy":"post_tag","embeddable":true,"href":"https:\/\/www.newsrecorder.ro\/app\/wp-json\/wp\/v2\/tags?post=5859"}],"curies":[{"name":"wp","href":"https:\/\/api.w.org\/{rel}","templated":true}]}}