{"id":5871,"date":"2026-03-01T05:35:45","date_gmt":"2026-03-01T05:35:45","guid":{"rendered":"https:\/\/www.newsrecorder.ro\/app\/2026\/03\/01\/cfr-straluceste-in-deplasare-si-avanseaza-in-play-off-ul-superligii\/"},"modified":"2026-03-01T05:35:45","modified_gmt":"2026-03-01T05:35:45","slug":"cfr-straluceste-in-deplasare-si-avanseaza-in-play-off-ul-superligii","status":"publish","type":"post","link":"https:\/\/www.newsrecorder.ro\/app\/2026\/03\/01\/cfr-straluceste-in-deplasare-si-avanseaza-in-play-off-ul-superligii\/","title":{"rendered":"CFR str\u0103luce\u0219te \u00een deplasare \u0219i avanseaz\u0103 \u00een play-off-ul Superligii!"},"content":{"rendered":"<p>\u00centr-o confruntare captivant\u0103, partida dintre Farul \u0219i CFR Cluj s-a finalizat cu victoria oaspe\u021bilor, CFR Cluj, care a \u00eenregistrat un scor de 2-1. Atacantul Alibek Aliev a deschis scorul \u00een minutul 16, iar mijloca\u0219ul Karlo Muhar a consolidat avantajul echipei sale cu un gol \u00een minutul 27. De\u0219i gazdele, Farul Constan\u021ba, au reu\u0219it s\u0103 reduc\u0103 diferen\u021ba \u00een minutul 65 prin reu\u0219ita lui Alexandru Isfan, nu au putut s\u0103 egaleze.<\/p>\n<p>Gra\u021bie acestui rezultat, CFR Cluj \u0219i-a asigurat un loc \u00een play-off. Cu o etap\u0103 \u00eenainte de startul play-off-ului, unde punctele vor fi \u00eenjum\u0103t\u0103\u021bite, clujenii se afl\u0103 pe un confortabil loc cu 50 de puncte. De cealalt\u0103 parte, Farul Constan\u021ba, cu un total de 37 de puncte, va concura \u00een play-out.<\/p>\n<p>\u00cen aceea\u0219i zi de s\u00e2mb\u0103t\u0103, a avut loc \u0219i meciul dintre Universitatea Craiova \u0219i Metaloglobus Bucure\u0219ti, care s-a \u00eencheiat cu victoria craiovenilor, scor 2-1. Vineri, primele meciuri ale etapei au adus \u0219i ele surprize, U Cluj impun\u00e2ndu-se cu un categoric 4-0 \u00een fa\u021ba O\u021belului Gala\u021bi, iar FC Hermannstadt c\u00e2\u0219tig\u00e2nd cu 3-1 \u00eempotriva FC Boto\u0219ani.<\/p>\n","protected":false},"excerpt":{"rendered":"<p>\u00centr-o confruntare captivant\u0103, partida dintre Farul \u0219i CFR Cluj s-a finalizat cu victoria oaspe\u021bilor, CFR Cluj, care a \u00eenregistrat un scor de 2-1. Atacantul Alibek Aliev a deschis scorul \u00een minutul 16, iar mijloca\u0219ul Karlo Muhar a consolidat avantajul echipei sale cu un gol \u00een minutul 27. De\u0219i gazdele, Farul Constan\u021ba, au reu\u0219it s\u0103 reduc\u0103 [&hellip;]<\/p>\n","protected":false},"author":6,"featured_media":5872,"comment_status":"open","ping_status":"open","sticky":false,"template":"","format":"standard","meta":{"jnews-multi-image_gallery":[],"jnews_single_post":[],"jnews_primary_category":[],"jnews_override_counter":[],"footnotes":""},"categories":[46],"tags":[2111,1800,981,1574,8726,2751,2753,8628],"class_list":["post-5871","post","type-post","status-publish","format-standard","has-post-thumbnail","hentry","category-sport","tag-alexandru-isfan","tag-alibek-aliev","tag-cfr-cluj","tag-farul-constanta","tag-karlo-muhar","tag-metaloglobus-bucuresti","tag-play-off","tag-scor-2-1"],"_links":{"self":[{"href":"https:\/\/www.newsrecorder.ro\/app\/wp-json\/wp\/v2\/posts\/5871","targetHints":{"allow":["GET"]}}],"collection":[{"href":"https:\/\/www.newsrecorder.ro\/app\/wp-json\/wp\/v2\/posts"}],"about":[{"href":"https:\/\/www.newsrecorder.ro\/app\/wp-json\/wp\/v2\/types\/post"}],"author":[{"embeddable":true,"href":"https:\/\/www.newsrecorder.ro\/app\/wp-json\/wp\/v2\/users\/6"}],"replies":[{"embeddable":true,"href":"https:\/\/www.newsrecorder.ro\/app\/wp-json\/wp\/v2\/comments?post=5871"}],"version-history":[{"count":0,"href":"https:\/\/www.newsrecorder.ro\/app\/wp-json\/wp\/v2\/posts\/5871\/revisions"}],"wp:featuredmedia":[{"embeddable":true,"href":"https:\/\/www.newsrecorder.ro\/app\/wp-json\/wp\/v2\/media\/5872"}],"wp:attachment":[{"href":"https:\/\/www.newsrecorder.ro\/app\/wp-json\/wp\/v2\/media?parent=5871"}],"wp:term":[{"taxonomy":"category","embeddable":true,"href":"https:\/\/www.newsrecorder.ro\/app\/wp-json\/wp\/v2\/categories?post=5871"},{"taxonomy":"post_tag","embeddable":true,"href":"https:\/\/www.newsrecorder.ro\/app\/wp-json\/wp\/v2\/tags?post=5871"}],"curies":[{"name":"wp","href":"https:\/\/api.w.org\/{rel}","templated":true}]}}