{"id":5879,"date":"2026-03-01T12:38:11","date_gmt":"2026-03-01T12:38:11","guid":{"rendered":"https:\/\/www.newsrecorder.ro\/app\/2026\/03\/01\/tensiuni-in-golf-liderul-avertizeaza-asupra-escaladarii-cu-iranul\/"},"modified":"2026-03-01T12:38:11","modified_gmt":"2026-03-01T12:38:11","slug":"tensiuni-in-golf-liderul-avertizeaza-asupra-escaladarii-cu-iranul","status":"publish","type":"post","link":"https:\/\/www.newsrecorder.ro\/app\/2026\/03\/01\/tensiuni-in-golf-liderul-avertizeaza-asupra-escaladarii-cu-iranul\/","title":{"rendered":"Tensiuni \u00een Golf: Liderul avertizeaz\u0103 asupra escalad\u0103rii cu Iranul"},"content":{"rendered":"<p>Atacul Iranului asupra portului Duqm din Oman a fost catalogat ca \u201eo \u00eenc\u0103lcare grav\u0103\u201d de c\u0103tre Jasem al-Budaiwi, liderul Consiliului de Cooperare al Golfului (CCG). Aceast\u0103 afirma\u021bie a fost raportat\u0103 de <a href=\"https:\/\/www.aljazeera.com\/news\/liveblog\/2026\/2\/28\/live-israel-launches-attacks-on-iran-multiple-explosions-heard-in-tehran\" target=\"_blank\" rel=\"noopener\">Al Jazeera<\/a>.<\/p>\n<p>Al-Budaiwi a condamnat, de asemenea, atacul iranian asupra unui petrolier aflat \u00een largul coastelor Omanului, descriindu-l ca \u201eo escaladare periculoas\u0103 care amenin\u021b\u0103 securitatea regional\u0103\u201d. El a caracterizat aceste ac\u021biuni drept \u201eprovoc\u0103ri inacceptabile\u201d care \u201esubmineaz\u0103 stabilitatea\u201d \u00een regiunea Golfului, subliniind importan\u021ba re\u021binerii \u0219i respect\u0103rii dreptului interna\u021bional.<\/p>\n<p>\u00centr-o declara\u021bie anterioar\u0103, Anwar Gargash, consilierul diplomatic al liderului Emiratelor Arabe Unite, a subliniat c\u0103 atacurile Iranului din Golful Persic au dus la izolarea \u021b\u0103rii. El a avertizat Teheranul s\u0103 evite s\u0103-\u0219i mai vizeze vecinii, a\u0219a cum s-a \u00eent\u00e2mplat recent.<\/p>\n<p>\u201eAgresiunea iranian\u0103 \u00eempotriva statelor din Golf a fost o gre\u0219eal\u0103 de calcul \u0219i a izolat Iranul \u00eentr-un moment critic. R\u0103zboiul vostru nu este cu vecinii vo\u0219tri. \u00centoarce\u021bi-v\u0103 la ra\u021biune \u0219i trata\u021bi-v\u0103 vecinii ra\u021bional \u0219i responsabil \u00eenainte ca cercul izol\u0103rii \u0219i escalad\u0103rii s\u0103 se l\u0103rgeasc\u0103\u201d, a declarat Gargash.<\/p>\n<p>\u00cen diminea\u021ba de duminic\u0103, Iranul a lansat un nou val de atacuri cu rachete \u0219i drone \u00een Orientul Mijlociu, provoc\u00e2nd explozii \u00een mai multe capitale \u0219i ora\u0219e importante, inclusiv \u00een Doha \u0219i Dubai. Printre \u021bintele atacurilor s-a num\u0103rat \u0219i portul Duqm din Oman, care a fost gazda negocierilor dintre delega\u021biile din SUA \u0219i Iran \u00eenainte de declan\u0219area conflictului militar. Se raportau cel pu\u021bin dou\u0103 drone care au vizat portul Duqm.<\/p>\n<p>Un muncitor str\u0103in a suferit r\u0103ni \u00een urma impactului uneia dintre drone, care a lovit o locuin\u021b\u0103 mobil\u0103 destinat\u0103 angaja\u021bilor. Resturile celei de-a doua drone au c\u0103zut l\u00e2ng\u0103 rezervoarele de combustibil, f\u0103r\u0103 a provoca pagube materiale, conform informa\u021biilor furnizate de surse locale.<\/p>\n<p>Pe l\u00e2ng\u0103 atacurile asupra infrastructurii, Iranul a atacat \u0219i o nav\u0103 cistern\u0103 de petrol \u00een apropierea coastelor Omanului, provoc\u00e2nd r\u0103nirea a patru persoane. La bordul navei se aflau 15 indieni \u0219i cinci iranieni, subliniind astfel impactul acestor ac\u021biuni asupra siguran\u021bei maritime \u00een regiune.<\/p>\n","protected":false},"excerpt":{"rendered":"<p>Atacul Iranului asupra portului Duqm din Oman a fost catalogat ca \u201eo \u00eenc\u0103lcare grav\u0103\u201d de c\u0103tre Jasem al-Budaiwi, liderul Consiliului de Cooperare al Golfului (CCG). Aceast\u0103 afirma\u021bie a fost raportat\u0103 de Al Jazeera. Al-Budaiwi a condamnat, de asemenea, atacul iranian asupra unui petrolier aflat \u00een largul coastelor Omanului, descriindu-l ca \u201eo escaladare periculoas\u0103 care amenin\u021b\u0103 [&hellip;]<\/p>\n","protected":false},"author":2,"featured_media":5880,"comment_status":"open","ping_status":"open","sticky":false,"template":"","format":"standard","meta":{"jnews-multi-image_gallery":[],"jnews_single_post":[],"jnews_primary_category":[],"jnews_override_counter":[],"footnotes":""},"categories":[42],"tags":[914,659,7471,8730,2652,913,8396,3284],"class_list":["post-5879","post","type-post","status-publish","format-standard","has-post-thumbnail","hentry","category-politica","tag-atac","tag-cooperare","tag-drept-international","tag-duqm","tag-golful-persic","tag-iran","tag-oman","tag-securitate-regionala"],"_links":{"self":[{"href":"https:\/\/www.newsrecorder.ro\/app\/wp-json\/wp\/v2\/posts\/5879","targetHints":{"allow":["GET"]}}],"collection":[{"href":"https:\/\/www.newsrecorder.ro\/app\/wp-json\/wp\/v2\/posts"}],"about":[{"href":"https:\/\/www.newsrecorder.ro\/app\/wp-json\/wp\/v2\/types\/post"}],"author":[{"embeddable":true,"href":"https:\/\/www.newsrecorder.ro\/app\/wp-json\/wp\/v2\/users\/2"}],"replies":[{"embeddable":true,"href":"https:\/\/www.newsrecorder.ro\/app\/wp-json\/wp\/v2\/comments?post=5879"}],"version-history":[{"count":0,"href":"https:\/\/www.newsrecorder.ro\/app\/wp-json\/wp\/v2\/posts\/5879\/revisions"}],"wp:featuredmedia":[{"embeddable":true,"href":"https:\/\/www.newsrecorder.ro\/app\/wp-json\/wp\/v2\/media\/5880"}],"wp:attachment":[{"href":"https:\/\/www.newsrecorder.ro\/app\/wp-json\/wp\/v2\/media?parent=5879"}],"wp:term":[{"taxonomy":"category","embeddable":true,"href":"https:\/\/www.newsrecorder.ro\/app\/wp-json\/wp\/v2\/categories?post=5879"},{"taxonomy":"post_tag","embeddable":true,"href":"https:\/\/www.newsrecorder.ro\/app\/wp-json\/wp\/v2\/tags?post=5879"}],"curies":[{"name":"wp","href":"https:\/\/api.w.org\/{rel}","templated":true}]}}