{"id":5881,"date":"2026-03-01T12:38:23","date_gmt":"2026-03-01T12:38:23","guid":{"rendered":"https:\/\/www.newsrecorder.ro\/app\/2026\/03\/01\/sefa-diplomatiei-ue-moartea-lui-khamenei-un-moment-crucial-pentru-iran\/"},"modified":"2026-03-01T12:38:23","modified_gmt":"2026-03-01T12:38:23","slug":"sefa-diplomatiei-ue-moartea-lui-khamenei-un-moment-crucial-pentru-iran","status":"publish","type":"post","link":"https:\/\/www.newsrecorder.ro\/app\/2026\/03\/01\/sefa-diplomatiei-ue-moartea-lui-khamenei-un-moment-crucial-pentru-iran\/","title":{"rendered":"\u201e\u0218efa diploma\u021biei UE: Moartea lui Khamenei, un moment crucial pentru Iran\u201d"},"content":{"rendered":"<p>\u00cenaltul Reprezentant al Uniunii Europene pentru Afaceri Externe \u0219i Politica de Securitate, Kaja Kallas, a transmis un mesaj pe platforma X, subliniind importan\u021ba recentelor evenimente din Iran.<\/p>\n<p>Kallas a afirmat c\u0103 \u201eMoartea lui Ali Khamenei este un moment definitoriu \u00een istoria Iranului\u201d, accentu\u00e2nd impactul acestei schimb\u0103ri asupra viitorului \u021b\u0103rii.<\/p>\n<p>\u00cen apelul s\u0103u, ea s-a adresat cu emo\u021bie poporului iranian, \u00eencuraj\u00e2ndu-l s\u0103 opteze pentru o cale c\u0103tre libertate. \u201eCeea ce urmeaz\u0103 este incert. Dar acum exist\u0103 o cale deschis\u0103 c\u0103tre un Iran diferit, unul pe care poporul s\u0103u ar putea avea o mai mare libertate de a-l modela\u201d, a scris ea.<\/p>\n<p>Kaja Kallas a men\u021bionat, de asemenea, c\u0103 se afl\u0103 \u00een contact cu parteneri interna\u021bionali, inclusiv din regiunea afectat\u0103 de ac\u021biunile militare ale Iranului, pentru a identifica m\u0103suri eficiente de dezescaladare.<\/p>\n<p>Ayatollahul Ali Khamenei, lider al Iranului din 1989, a fost ucis s\u00e2mb\u0103t\u0103 \u00een urma unui atac aerian coordonat de armatele din Israel \u0219i SUA, un eveniment care ar putea schimba dramatic panorama politic\u0103 a regiunii.<\/p>\n","protected":false},"excerpt":{"rendered":"<p>\u00cenaltul Reprezentant al Uniunii Europene pentru Afaceri Externe \u0219i Politica de Securitate, Kaja Kallas, a transmis un mesaj pe platforma X, subliniind importan\u021ba recentelor evenimente din Iran. Kallas a afirmat c\u0103 \u201eMoartea lui Ali Khamenei este un moment definitoriu \u00een istoria Iranului\u201d, accentu\u00e2nd impactul acestei schimb\u0103ri asupra viitorului \u021b\u0103rii. \u00cen apelul s\u0103u, ea s-a adresat [&hellip;]<\/p>\n","protected":false},"author":2,"featured_media":5882,"comment_status":"open","ping_status":"open","sticky":false,"template":"","format":"standard","meta":{"jnews-multi-image_gallery":[],"jnews_single_post":[],"jnews_primary_category":[],"jnews_override_counter":[],"footnotes":""},"categories":[42],"tags":[4191,2446,913,3611,2354,7113,874,321],"class_list":["post-5881","post","type-post","status-publish","format-standard","has-post-thumbnail","hentry","category-politica","tag-ali-khamenei","tag-dezescaladare","tag-iran","tag-kaja-kallas","tag-libertate","tag-parteneri-internationali","tag-securitate","tag-uniunea-europeana"],"_links":{"self":[{"href":"https:\/\/www.newsrecorder.ro\/app\/wp-json\/wp\/v2\/posts\/5881","targetHints":{"allow":["GET"]}}],"collection":[{"href":"https:\/\/www.newsrecorder.ro\/app\/wp-json\/wp\/v2\/posts"}],"about":[{"href":"https:\/\/www.newsrecorder.ro\/app\/wp-json\/wp\/v2\/types\/post"}],"author":[{"embeddable":true,"href":"https:\/\/www.newsrecorder.ro\/app\/wp-json\/wp\/v2\/users\/2"}],"replies":[{"embeddable":true,"href":"https:\/\/www.newsrecorder.ro\/app\/wp-json\/wp\/v2\/comments?post=5881"}],"version-history":[{"count":0,"href":"https:\/\/www.newsrecorder.ro\/app\/wp-json\/wp\/v2\/posts\/5881\/revisions"}],"wp:featuredmedia":[{"embeddable":true,"href":"https:\/\/www.newsrecorder.ro\/app\/wp-json\/wp\/v2\/media\/5882"}],"wp:attachment":[{"href":"https:\/\/www.newsrecorder.ro\/app\/wp-json\/wp\/v2\/media?parent=5881"}],"wp:term":[{"taxonomy":"category","embeddable":true,"href":"https:\/\/www.newsrecorder.ro\/app\/wp-json\/wp\/v2\/categories?post=5881"},{"taxonomy":"post_tag","embeddable":true,"href":"https:\/\/www.newsrecorder.ro\/app\/wp-json\/wp\/v2\/tags?post=5881"}],"curies":[{"name":"wp","href":"https:\/\/api.w.org\/{rel}","templated":true}]}}