{"id":5885,"date":"2026-03-01T12:39:08","date_gmt":"2026-03-01T12:39:08","guid":{"rendered":"https:\/\/www.newsrecorder.ro\/app\/2026\/03\/01\/iranul-acuza-sua-si-israel-de-razboi-impotriva-musulmanilor-razbunarea-se-apropie\/"},"modified":"2026-03-01T12:39:08","modified_gmt":"2026-03-01T12:39:08","slug":"iranul-acuza-sua-si-israel-de-razboi-impotriva-musulmanilor-razbunarea-se-apropie","status":"publish","type":"post","link":"https:\/\/www.newsrecorder.ro\/app\/2026\/03\/01\/iranul-acuza-sua-si-israel-de-razboi-impotriva-musulmanilor-razbunarea-se-apropie\/","title":{"rendered":"Iranul acuz\u0103 SUA \u0219i Israel de r\u0103zboi \u00eempotriva musulmanilor! R\u0103zbunarea se apropie!"},"content":{"rendered":"<p>Recent, pre\u0219edintele Iranului, Masoud Pezeshkian, a emis o declara\u021bie provocatoare, afirm\u00e2nd c\u0103 r\u0103zbunarea reprezint\u0103 un \u201edrept \u0219i o datorie legitim\u0103\u201d, conform <a href=\"https:\/\/news.sky.com\/story\/iran-latest-israel-launches-preventative-attack-defence-minister-says-13509565\" target=\"_blank\" rel=\"noopener\">Sky News<\/a>.<\/p>\n<p>Pezeshkian, a c\u0103rui pozi\u021bie a fost incert\u0103 \u00een urma atacului asupra Iranului, a subliniat c\u0103 asasinarea liderului suprem trebuie considerat\u0103 un \u201er\u0103zboi deschis \u00eempotriva musulmanilor\u201d.<\/p>\n<p>\u201eRepublica Islamic\u0103 Iran consider\u0103 c\u0103 r\u0103zbunarea \u00eempotriva celor responsabili pentru aceast\u0103 crim\u0103 este at\u00e2t o datorie, c\u00e2t \u0219i un drept legitim. Ne angaj\u0103m s\u0103 ne \u00eendeplinim aceast\u0103 responsabilitate cu toat\u0103 for\u021ba\u201d, a declarat el cu t\u0103rie.<\/p>\n<p>De asemenea, pre\u0219edintele a men\u021bionat c\u0103 dispari\u021bia liderului suprem reprezint\u0103 \u201ecea mai mare durere a lumii islamice de ast\u0103zi\u201d.<\/p>\n<p>\u00cen contextul acestor tensiuni, Iranul a efectuat, \u00een weekend, o serie de atacuri cu rachete \u0219i drone \u00een Orientul Mijlociu. <a href=\"https:\/\/www.mediafax.ro\/externe\/conflictul-din-orientul-mijlociu-se-extinde-portul-din-oman-a-fost-atacat-cu-drone-23694985\">Explozii<\/a> au fost raportate \u00een Israel, dar \u0219i \u00een diverse capitale \u0219i ora\u0219e importante din \u021b\u0103rile musulmane, inclusiv Doha \u0219i Dubai. Printre \u021bintele atacurilor s-a num\u0103rat un port din Oman, un loc care a fost scena negocierilor dintre delega\u021biile din SUA \u0219i Iran \u00eenainte de escaladarea conflictului militar.<\/p>\n","protected":false},"excerpt":{"rendered":"<p>Recent, pre\u0219edintele Iranului, Masoud Pezeshkian, a emis o declara\u021bie provocatoare, afirm\u00e2nd c\u0103 r\u0103zbunarea reprezint\u0103 un \u201edrept \u0219i o datorie legitim\u0103\u201d, conform Sky News. Pezeshkian, a c\u0103rui pozi\u021bie a fost incert\u0103 \u00een urma atacului asupra Iranului, a subliniat c\u0103 asasinarea liderului suprem trebuie considerat\u0103 un \u201er\u0103zboi deschis \u00eempotriva musulmanilor\u201d. \u201eRepublica Islamic\u0103 Iran consider\u0103 c\u0103 r\u0103zbunarea \u00eempotriva [&hellip;]<\/p>\n","protected":false},"author":2,"featured_media":5886,"comment_status":"open","ping_status":"open","sticky":false,"template":"","format":"standard","meta":{"jnews-multi-image_gallery":[],"jnews_single_post":[],"jnews_primary_category":[],"jnews_override_counter":[],"footnotes":""},"categories":[42],"tags":[1084,913,8734,8719,8594,2211,915,3089],"class_list":["post-5885","post","type-post","status-publish","format-standard","has-post-thumbnail","hentry","category-politica","tag-atacuri","tag-iran","tag-islam","tag-lider-suprem","tag-masoud-pezeshkian","tag-orientul-mijlociu","tag-razboi","tag-razbunare"],"_links":{"self":[{"href":"https:\/\/www.newsrecorder.ro\/app\/wp-json\/wp\/v2\/posts\/5885","targetHints":{"allow":["GET"]}}],"collection":[{"href":"https:\/\/www.newsrecorder.ro\/app\/wp-json\/wp\/v2\/posts"}],"about":[{"href":"https:\/\/www.newsrecorder.ro\/app\/wp-json\/wp\/v2\/types\/post"}],"author":[{"embeddable":true,"href":"https:\/\/www.newsrecorder.ro\/app\/wp-json\/wp\/v2\/users\/2"}],"replies":[{"embeddable":true,"href":"https:\/\/www.newsrecorder.ro\/app\/wp-json\/wp\/v2\/comments?post=5885"}],"version-history":[{"count":0,"href":"https:\/\/www.newsrecorder.ro\/app\/wp-json\/wp\/v2\/posts\/5885\/revisions"}],"wp:featuredmedia":[{"embeddable":true,"href":"https:\/\/www.newsrecorder.ro\/app\/wp-json\/wp\/v2\/media\/5886"}],"wp:attachment":[{"href":"https:\/\/www.newsrecorder.ro\/app\/wp-json\/wp\/v2\/media?parent=5885"}],"wp:term":[{"taxonomy":"category","embeddable":true,"href":"https:\/\/www.newsrecorder.ro\/app\/wp-json\/wp\/v2\/categories?post=5885"},{"taxonomy":"post_tag","embeddable":true,"href":"https:\/\/www.newsrecorder.ro\/app\/wp-json\/wp\/v2\/tags?post=5885"}],"curies":[{"name":"wp","href":"https:\/\/api.w.org\/{rel}","templated":true}]}}