{"id":5901,"date":"2026-03-01T12:41:25","date_gmt":"2026-03-01T12:41:25","guid":{"rendered":"https:\/\/www.newsrecorder.ro\/app\/2026\/03\/01\/putin-condamna-moartea-lui-khamenei-ca-o-crima-cinica-impotriva-moralei\/"},"modified":"2026-03-01T12:41:25","modified_gmt":"2026-03-01T12:41:25","slug":"putin-condamna-moartea-lui-khamenei-ca-o-crima-cinica-impotriva-moralei","status":"publish","type":"post","link":"https:\/\/www.newsrecorder.ro\/app\/2026\/03\/01\/putin-condamna-moartea-lui-khamenei-ca-o-crima-cinica-impotriva-moralei\/","title":{"rendered":"Putin condamn\u0103 moartea lui Khamenei ca o \u201ecrim\u0103 cinic\u0103\u201d \u00eempotriva moralei"},"content":{"rendered":"<p>Liderul Rusiei, Vladimir Putin, a descris moartea lui Ali Khamenei ca fiind o \u201ecrim\u0103 cinic\u0103\u201d, care contravine tuturor standardelor de moralitate uman\u0103 \u0219i dreptului interna\u021bional.<\/p>\n<p>Putin a subliniat c\u0103 \u00een Rusia, Khamenei va fi amintit ca un om de stat remarcabil, care a avut un rol esen\u021bial \u00een consolidarea rela\u021biilor dintre cele dou\u0103 na\u021biuni. Acesta a transmis condolean\u021be sincere \u0219i sprijin pentru familia lui Khamenei, precum \u0219i pentru guvernul \u0219i poporul iranian.<\/p>\n<p>Pe de alt\u0103 parte, ministrul adjunct al Afacerilor Externe al Iranului, Saeed Khatibzadeh, a declarat duminic\u0103 c\u0103 fostul pre\u0219edinte american Donald Trump a dep\u0103\u0219it \u201eo linie ro\u0219ie foarte periculoas\u0103\u201d prin implicarea sa \u00een uciderea lui Khamenei.<\/p>\n<p><a href=\"https:\/\/www.mediafax.ro\/externe\/razboiul-din-orientul-mijlociu-fiul-lui-khamenei-considerat-succesor-a-fost-eliminat-40-de-zile-de-doliu-national-si-numirea-conducerii-interimare-astazi-trump-ameninta-iranul-23694906\">R\u0103zboiul din Orientul Mijlociu<\/a> a escaladat dramatic dup\u0103 moartea liderului iranian. Zeci de obiective din Israel \u0219i din alte state din regiune au fost atacate de for\u021bele iraniene. \u00cen acela\u0219i timp, protestele \u0219i s\u0103rb\u0103torile au marcat dispari\u021bia lui Khamenei, provoc\u00e2nd reac\u021bii diverse \u00een r\u00e2ndul popula\u021biei.<\/p>\n<p>De asemenea, fiul liderului suprem al Iranului, Mojtaba Khamenei, care era considerat succesorul s\u0103u, a fost eliminat, conform rapoartelor din presa israelian\u0103.<\/p>\n","protected":false},"excerpt":{"rendered":"<p>Liderul Rusiei, Vladimir Putin, a descris moartea lui Ali Khamenei ca fiind o \u201ecrim\u0103 cinic\u0103\u201d, care contravine tuturor standardelor de moralitate uman\u0103 \u0219i dreptului interna\u021bional. Putin a subliniat c\u0103 \u00een Rusia, Khamenei va fi amintit ca un om de stat remarcabil, care a avut un rol esen\u021bial \u00een consolidarea rela\u021biilor dintre cele dou\u0103 na\u021biuni. Acesta [&hellip;]<\/p>\n","protected":false},"author":2,"featured_media":5902,"comment_status":"open","ping_status":"open","sticky":false,"template":"","format":"standard","meta":{"jnews-multi-image_gallery":[],"jnews_single_post":[],"jnews_primary_category":[],"jnews_override_counter":[],"footnotes":""},"categories":[41],"tags":[2994,913,2212,2211,1887,429,681,1735],"class_list":["post-5901","post","type-post","status-publish","format-standard","has-post-thumbnail","hentry","category-externe","tag-conflicte","tag-iran","tag-khamenei","tag-orientul-mijlociu","tag-putin","tag-relatii-internationale","tag-rusia","tag-trump"],"_links":{"self":[{"href":"https:\/\/www.newsrecorder.ro\/app\/wp-json\/wp\/v2\/posts\/5901","targetHints":{"allow":["GET"]}}],"collection":[{"href":"https:\/\/www.newsrecorder.ro\/app\/wp-json\/wp\/v2\/posts"}],"about":[{"href":"https:\/\/www.newsrecorder.ro\/app\/wp-json\/wp\/v2\/types\/post"}],"author":[{"embeddable":true,"href":"https:\/\/www.newsrecorder.ro\/app\/wp-json\/wp\/v2\/users\/2"}],"replies":[{"embeddable":true,"href":"https:\/\/www.newsrecorder.ro\/app\/wp-json\/wp\/v2\/comments?post=5901"}],"version-history":[{"count":0,"href":"https:\/\/www.newsrecorder.ro\/app\/wp-json\/wp\/v2\/posts\/5901\/revisions"}],"wp:featuredmedia":[{"embeddable":true,"href":"https:\/\/www.newsrecorder.ro\/app\/wp-json\/wp\/v2\/media\/5902"}],"wp:attachment":[{"href":"https:\/\/www.newsrecorder.ro\/app\/wp-json\/wp\/v2\/media?parent=5901"}],"wp:term":[{"taxonomy":"category","embeddable":true,"href":"https:\/\/www.newsrecorder.ro\/app\/wp-json\/wp\/v2\/categories?post=5901"},{"taxonomy":"post_tag","embeddable":true,"href":"https:\/\/www.newsrecorder.ro\/app\/wp-json\/wp\/v2\/tags?post=5901"}],"curies":[{"name":"wp","href":"https:\/\/api.w.org\/{rel}","templated":true}]}}