{"id":5911,"date":"2026-03-01T13:37:12","date_gmt":"2026-03-01T13:37:12","guid":{"rendered":"https:\/\/www.newsrecorder.ro\/app\/2026\/03\/01\/macron-ordona-confiscarea-unui-petrolier-rus-in-marea-nordului\/"},"modified":"2026-03-01T13:37:12","modified_gmt":"2026-03-01T13:37:12","slug":"macron-ordona-confiscarea-unui-petrolier-rus-in-marea-nordului","status":"publish","type":"post","link":"https:\/\/www.newsrecorder.ro\/app\/2026\/03\/01\/macron-ordona-confiscarea-unui-petrolier-rus-in-marea-nordului\/","title":{"rendered":"Macron ordon\u0103 confiscarea unui petrolier rus \u00een Marea Nordului!"},"content":{"rendered":"<p>Anun\u021bul a fost realizat pe platforma X, unde pre\u0219edintele francez Emmanuel Macron a subliniat un eveniment semnificativ \u00een lupta \u00eempotriva flotilei fantom\u0103. El a declarat: \u201eO lovitur\u0103 major\u0103 pentru flota fantom\u0103: \u00een Marea Nordului, elicopterele Marinei noastre franceze au contribuit asear\u0103 la confiscarea de c\u0103tre for\u021bele belgiene a unui petrolier aflat sub sanc\u021biuni interna\u021bionale.\u201d<\/p>\n<p>Macron a oferit detalii despre motivele care au dus la confiscarea navei, eviden\u021biind determinarea Europei \u00een acest demers. \u201eEuropenii sunt hot\u0103r\u00e2\u021bi s\u0103 taie sursele de finan\u021bare pentru r\u0103zboiul de agresiune al Rusiei \u00een Ucraina prin aplicarea sanc\u021biunilor,\u201d a ad\u0103ugat el.<\/p>\n<p>Ac\u021biunile Rusiei nu au fost lipsite de controverse. Aceasta a fost acuzat\u0103 c\u0103 ocole\u0219te restric\u021biile interna\u021bionale ce vizeaz\u0103 exportul de petrol, recurg\u00e2nd la nave cu diferite steaguri din a\u0219a-numita flot\u0103 fantom\u0103. \u00cen ciuda acestor acuza\u021bii, Rusia a respins constant orice implicare, amenin\u021b\u00e2nd cu represalii \u00een cazul \u00een care navele sale sunt confiscate \u00een apele interna\u021bionale.<\/p>\n","protected":false},"excerpt":{"rendered":"<p>Anun\u021bul a fost realizat pe platforma X, unde pre\u0219edintele francez Emmanuel Macron a subliniat un eveniment semnificativ \u00een lupta \u00eempotriva flotilei fantom\u0103. El a declarat: \u201eO lovitur\u0103 major\u0103 pentru flota fantom\u0103: \u00een Marea Nordului, elicopterele Marinei noastre franceze au contribuit asear\u0103 la confiscarea de c\u0103tre for\u021bele belgiene a unui petrolier aflat sub sanc\u021biuni interna\u021bionale.\u201d Macron [&hellip;]<\/p>\n","protected":false},"author":4,"featured_media":5912,"comment_status":"open","ping_status":"open","sticky":false,"template":"","format":"standard","meta":{"jnews-multi-image_gallery":[],"jnews_single_post":[],"jnews_primary_category":[],"jnews_override_counter":[],"footnotes":""},"categories":[40],"tags":[4296,1097,2710,8770,1094,8771,681,4364],"class_list":["post-5911","post","type-post","status-publish","format-standard","has-post-thumbnail","hentry","category-econonie","tag-europeni","tag-flota-fantoma","tag-macron","tag-marea-nordului","tag-petrolier","tag-razboi-de-agresiune","tag-rusia","tag-sanctiuni-internationale"],"_links":{"self":[{"href":"https:\/\/www.newsrecorder.ro\/app\/wp-json\/wp\/v2\/posts\/5911","targetHints":{"allow":["GET"]}}],"collection":[{"href":"https:\/\/www.newsrecorder.ro\/app\/wp-json\/wp\/v2\/posts"}],"about":[{"href":"https:\/\/www.newsrecorder.ro\/app\/wp-json\/wp\/v2\/types\/post"}],"author":[{"embeddable":true,"href":"https:\/\/www.newsrecorder.ro\/app\/wp-json\/wp\/v2\/users\/4"}],"replies":[{"embeddable":true,"href":"https:\/\/www.newsrecorder.ro\/app\/wp-json\/wp\/v2\/comments?post=5911"}],"version-history":[{"count":0,"href":"https:\/\/www.newsrecorder.ro\/app\/wp-json\/wp\/v2\/posts\/5911\/revisions"}],"wp:featuredmedia":[{"embeddable":true,"href":"https:\/\/www.newsrecorder.ro\/app\/wp-json\/wp\/v2\/media\/5912"}],"wp:attachment":[{"href":"https:\/\/www.newsrecorder.ro\/app\/wp-json\/wp\/v2\/media?parent=5911"}],"wp:term":[{"taxonomy":"category","embeddable":true,"href":"https:\/\/www.newsrecorder.ro\/app\/wp-json\/wp\/v2\/categories?post=5911"},{"taxonomy":"post_tag","embeddable":true,"href":"https:\/\/www.newsrecorder.ro\/app\/wp-json\/wp\/v2\/tags?post=5911"}],"curies":[{"name":"wp","href":"https:\/\/api.w.org\/{rel}","templated":true}]}}