{"id":5945,"date":"2026-03-01T19:17:31","date_gmt":"2026-03-01T19:17:31","guid":{"rendered":"https:\/\/www.newsrecorder.ro\/app\/2026\/03\/01\/primavara-incepe-promitator-prognoza-meteo-pentru-martie-de-la-anm\/"},"modified":"2026-03-01T19:17:31","modified_gmt":"2026-03-01T19:17:31","slug":"primavara-incepe-promitator-prognoza-meteo-pentru-martie-de-la-anm","status":"publish","type":"post","link":"https:\/\/www.newsrecorder.ro\/app\/2026\/03\/01\/primavara-incepe-promitator-prognoza-meteo-pentru-martie-de-la-anm\/","title":{"rendered":"Prim\u0103vara \u00eencepe promi\u021b\u0103tor! Prognoza meteo pentru martie de la ANM"},"content":{"rendered":"<p>Conform informa\u021biilor furnizate de Administra\u021bia Na\u021bional\u0103 de Meteorologie (ANM), s\u0103pt\u0103m\u00e2na 2-9 martie va aduce temperaturi mai ridicate dec\u00e2t cele obi\u0219nuite pentru aceast\u0103 perioad\u0103, \u00een special \u00een regiunile vestice, nordice \u0219i centrale ale \u021b\u0103rii. De asemenea, se estimeaz\u0103 c\u0103 regimul pluviometric va fi deficitar pe \u00eentreg teritoriul Rom\u00e2niei.<\/p>\n<p>Privind s\u0103pt\u0103m\u00e2na 9-16 martie, se anticipeaz\u0103 c\u0103 temperaturile medii vor r\u0103m\u00e2ne u\u0219or peste valorile normale \u00een regiunile vestice, nordice \u0219i centrale, \u00een timp ce \u00een restul \u021b\u0103rii temperaturile vor fi, \u00een general, apropiate de normele sezoniere. Precipita\u021biile vor continua s\u0103 fie deficitare, \u00een special \u00een zonele montane.<\/p>\n<p>\u00cen s\u0103pt\u0103m\u00e2na 16-23 martie, se preconizeaz\u0103 c\u0103 temperatura medie a aerului va fi u\u0219or mai ridicat\u0103 dec\u00e2t cele specifice pentru acest interval, \u00een toate regiunile \u021b\u0103rii. Totodat\u0103, regimul pluviometric va fi, \u00een mare parte, apropiat de cel normal pentru aceast\u0103 perioad\u0103, suger\u00e2nd o stabilitate \u00een condi\u021biile meteorologice.<\/p>\n<p>\u00cen final, s\u0103pt\u0103m\u00e2na 23-30 martie va aduce valori ale temperaturilor medii u\u0219or peste cele normale pentru aceast\u0103 perioad\u0103, pe \u00eentreg teritoriul Rom\u00e2niei. Cantit\u0103\u021bile de precipita\u021bii vor fi, de asemenea, apropiate de normal, indic\u00e2nd o ameliorare a deficitului de ap\u0103 \u00een toate regiunile. Aceste prognoze subliniaz\u0103 fluctua\u021biile climatice din luna martie, conform celor raportate de ANM.<\/p>\n","protected":false},"excerpt":{"rendered":"<p>Conform informa\u021biilor furnizate de Administra\u021bia Na\u021bional\u0103 de Meteorologie (ANM), s\u0103pt\u0103m\u00e2na 2-9 martie va aduce temperaturi mai ridicate dec\u00e2t cele obi\u0219nuite pentru aceast\u0103 perioad\u0103, \u00een special \u00een regiunile vestice, nordice \u0219i centrale ale \u021b\u0103rii. De asemenea, se estimeaz\u0103 c\u0103 regimul pluviometric va fi deficitar pe \u00eentreg teritoriul Rom\u00e2niei. Privind s\u0103pt\u0103m\u00e2na 9-16 martie, se anticipeaz\u0103 c\u0103 temperaturile [&hellip;]<\/p>\n","protected":false},"author":5,"featured_media":5946,"comment_status":"open","ping_status":"open","sticky":false,"template":"","format":"standard","meta":{"jnews-multi-image_gallery":[],"jnews_single_post":[],"jnews_primary_category":[],"jnews_override_counter":[],"footnotes":""},"categories":[45],"tags":[150,5163,133,135,132,149,126,125],"class_list":["post-5945","post","type-post","status-publish","format-standard","has-post-thumbnail","hentry","category-meteo","tag-anm","tag-martie","tag-meteorologie","tag-precipitatii","tag-prognoza","tag-romania","tag-temperaturi","tag-vreme"],"_links":{"self":[{"href":"https:\/\/www.newsrecorder.ro\/app\/wp-json\/wp\/v2\/posts\/5945","targetHints":{"allow":["GET"]}}],"collection":[{"href":"https:\/\/www.newsrecorder.ro\/app\/wp-json\/wp\/v2\/posts"}],"about":[{"href":"https:\/\/www.newsrecorder.ro\/app\/wp-json\/wp\/v2\/types\/post"}],"author":[{"embeddable":true,"href":"https:\/\/www.newsrecorder.ro\/app\/wp-json\/wp\/v2\/users\/5"}],"replies":[{"embeddable":true,"href":"https:\/\/www.newsrecorder.ro\/app\/wp-json\/wp\/v2\/comments?post=5945"}],"version-history":[{"count":0,"href":"https:\/\/www.newsrecorder.ro\/app\/wp-json\/wp\/v2\/posts\/5945\/revisions"}],"wp:featuredmedia":[{"embeddable":true,"href":"https:\/\/www.newsrecorder.ro\/app\/wp-json\/wp\/v2\/media\/5946"}],"wp:attachment":[{"href":"https:\/\/www.newsrecorder.ro\/app\/wp-json\/wp\/v2\/media?parent=5945"}],"wp:term":[{"taxonomy":"category","embeddable":true,"href":"https:\/\/www.newsrecorder.ro\/app\/wp-json\/wp\/v2\/categories?post=5945"},{"taxonomy":"post_tag","embeddable":true,"href":"https:\/\/www.newsrecorder.ro\/app\/wp-json\/wp\/v2\/tags?post=5945"}],"curies":[{"name":"wp","href":"https:\/\/api.w.org\/{rel}","templated":true}]}}