{"id":5949,"date":"2026-03-01T19:18:00","date_gmt":"2026-03-01T19:18:00","guid":{"rendered":"https:\/\/www.newsrecorder.ro\/app\/2026\/03\/01\/ninsoare-abundenta-in-suceava-alerta-de-vant-in-moldova-miercuri\/"},"modified":"2026-03-01T19:18:00","modified_gmt":"2026-03-01T19:18:00","slug":"ninsoare-abundenta-in-suceava-alerta-de-vant-in-moldova-miercuri","status":"publish","type":"post","link":"https:\/\/www.newsrecorder.ro\/app\/2026\/03\/01\/ninsoare-abundenta-in-suceava-alerta-de-vant-in-moldova-miercuri\/","title":{"rendered":"Ninsoare abundent\u0103 \u00een Suceava! Alert\u0103 de v\u00e2nt \u00een Moldova, miercuri"},"content":{"rendered":"<p style=\"text-align: left\">\u00cen special \u00een regiunile montane, stratul de z\u0103pad\u0103 acumulat pe carosabil a determinat mobilizarea utilajelor de desz\u0103pezire.<\/p>\n<p style=\"text-align: left\">Conform <a href=\"https:\/\/www.facebook.com\/share\/r\/1AqnMmPB1A\/\" target=\"_blank\" rel=\"noopener\">Direc\u021biei Regionale de Drumuri \u0219i Poduri Ia\u0219i<\/a>, \u201ea nins abundent \u00een zona montan\u0103 a jude\u021bului Suceava, iar circula\u021bia s-a desf\u0103\u0219urat \u00een condi\u021bii de iarn\u0103\u201d. Sec\u021bia Drumuri Na\u021bionale C\u00e2mpulung Moldovenesc a ac\u021bionat pe sectoarele afectate, \u00eempr\u0103\u0219tiind material antiderapant \u0219i intervenind pentru a cur\u0103\u021ba z\u0103pada de pe carosabil.<\/p>\n<p style=\"text-align: left\">\u00cen Pasul Palma, pe DN 17A, unde viscolul genereaz\u0103 frecvent troiene, utilajele de desz\u0103pezire au lucrat constant pentru a men\u021bine carosabilul liber, asigur\u00e2nd astfel siguran\u021ba \u0219oferilor. Reprezentan\u021bii DRDP Ia\u0219i au declarat c\u0103 \u201etraficul pe acest sector se desf\u0103\u0219oar\u0103 \u00een condi\u021bii de iarn\u0103, pe fondul ninsorii abundente\u201d, recomand\u00e2ndu-le \u0219oferilor s\u0103 circule cu pruden\u021b\u0103.<\/p>\n<p style=\"text-align: left\">Pe parcursul zilei, interven\u021biile au continuat pe drumurile na\u021bionale din zona montan\u0103 a jude\u021bului. \u201ePe anumite sectoare, circula\u021bia se desf\u0103\u0219oar\u0103 cu dificultate, carosabilul fiind umed \u0219i acoperit cu z\u0103pad\u0103 fr\u0103m\u00e2ntat\u0103, tratat\u0103 cu material antiderapant\u201d, au declarat drumarii.<\/p>\n<p style=\"text-align: left\">Meteorologii au lansat avertiz\u0103ri de vreme sever\u0103 pentru zona Moldovei, anun\u021b\u00e2nd viscol puternic, z\u0103pad\u0103 troienit\u0103 \u0219i vizibilitate redus\u0103 \u00een regiunile montane. \u00cencep\u00e2nd de miercuri diminea\u021b\u0103, va intra \u00een vigoare un nou cod galben, valabil pe 25 februarie, \u00eentre orele 10:00 \u0219i 20:00, prev\u0103z\u00e2nd intensific\u0103ri ale v\u00e2ntului.<\/p>\n<p style=\"text-align: left\">Avertizarea se aplic\u0103 pentru cea mai mare parte a Moldovei, precum \u0219i pentru localit\u0103\u021bi din Transilvania, vestul \u0219i sud-vestul Olteniei \u0219i nordul Dobrogei, unde v\u00e2ntul ar putea atinge viteze de 50\u201370 km\/h.<\/p>\n<p style=\"text-align: left\">Autorit\u0103\u021bile din Ia\u0219i \u00eei sf\u0103tuiesc pe \u0219oferi s\u0103 plece la drum doar atunci c\u00e2nd este absolut necesar, s\u0103 \u00ee\u0219i echipeze corespunz\u0103tor autovehiculele pentru iarn\u0103 \u0219i s\u0103 adapteze viteza la condi\u021biile de trafic.<\/p>\n","protected":false},"excerpt":{"rendered":"<p>\u00cen special \u00een regiunile montane, stratul de z\u0103pad\u0103 acumulat pe carosabil a determinat mobilizarea utilajelor de desz\u0103pezire. Conform Direc\u021biei Regionale de Drumuri \u0219i Poduri Ia\u0219i, \u201ea nins abundent \u00een zona montan\u0103 a jude\u021bului Suceava, iar circula\u021bia s-a desf\u0103\u0219urat \u00een condi\u021bii de iarn\u0103\u201d. Sec\u021bia Drumuri Na\u021bionale C\u00e2mpulung Moldovenesc a ac\u021bionat pe sectoarele afectate, \u00eempr\u0103\u0219tiind material antiderapant [&hellip;]<\/p>\n","protected":false},"author":5,"featured_media":5950,"comment_status":"open","ping_status":"open","sticky":false,"template":"","format":"standard","meta":{"jnews-multi-image_gallery":[],"jnews_single_post":[],"jnews_primary_category":[],"jnews_override_counter":[],"footnotes":""},"categories":[45],"tags":[7861,1150,2239,564,8821,1945,2241,729],"class_list":["post-5949","post","type-post","status-publish","format-standard","has-post-thumbnail","hentry","category-meteo","tag-antiderapant","tag-circulatie","tag-deszapezire","tag-iarna","tag-montana","tag-suceava","tag-utilaje","tag-zapada"],"_links":{"self":[{"href":"https:\/\/www.newsrecorder.ro\/app\/wp-json\/wp\/v2\/posts\/5949","targetHints":{"allow":["GET"]}}],"collection":[{"href":"https:\/\/www.newsrecorder.ro\/app\/wp-json\/wp\/v2\/posts"}],"about":[{"href":"https:\/\/www.newsrecorder.ro\/app\/wp-json\/wp\/v2\/types\/post"}],"author":[{"embeddable":true,"href":"https:\/\/www.newsrecorder.ro\/app\/wp-json\/wp\/v2\/users\/5"}],"replies":[{"embeddable":true,"href":"https:\/\/www.newsrecorder.ro\/app\/wp-json\/wp\/v2\/comments?post=5949"}],"version-history":[{"count":0,"href":"https:\/\/www.newsrecorder.ro\/app\/wp-json\/wp\/v2\/posts\/5949\/revisions"}],"wp:featuredmedia":[{"embeddable":true,"href":"https:\/\/www.newsrecorder.ro\/app\/wp-json\/wp\/v2\/media\/5950"}],"wp:attachment":[{"href":"https:\/\/www.newsrecorder.ro\/app\/wp-json\/wp\/v2\/media?parent=5949"}],"wp:term":[{"taxonomy":"category","embeddable":true,"href":"https:\/\/www.newsrecorder.ro\/app\/wp-json\/wp\/v2\/categories?post=5949"},{"taxonomy":"post_tag","embeddable":true,"href":"https:\/\/www.newsrecorder.ro\/app\/wp-json\/wp\/v2\/tags?post=5949"}],"curies":[{"name":"wp","href":"https:\/\/api.w.org\/{rel}","templated":true}]}}