{"id":5959,"date":"2026-03-01T19:19:08","date_gmt":"2026-03-01T19:19:08","guid":{"rendered":"https:\/\/www.newsrecorder.ro\/app\/2026\/03\/01\/alerta-anm-viscol-si-ninsori-cu-rafale-de-70-km-h-in-jumatate-din-tara\/"},"modified":"2026-03-01T19:19:08","modified_gmt":"2026-03-01T19:19:08","slug":"alerta-anm-viscol-si-ninsori-cu-rafale-de-70-km-h-in-jumatate-din-tara","status":"publish","type":"post","link":"https:\/\/www.newsrecorder.ro\/app\/2026\/03\/01\/alerta-anm-viscol-si-ninsori-cu-rafale-de-70-km-h-in-jumatate-din-tara\/","title":{"rendered":"Alert\u0103 ANM: Viscol \u0219i ninsori cu rafale de 70 km\/h \u00een jum\u0103tate din \u021bar\u0103!"},"content":{"rendered":"<p>Noul raport al Administra\u021biei Na\u021bionale de Meteorologie (ANM) aduce ve\u0219ti importante, \u00een special o alert\u0103 de Cod galben, care preconizeaz\u0103 viscol puternic \u0219i precipita\u021bii semnificative \u00een regiunile deja afectate de v\u00e2nt \u0219i ninsoare.<\/p>\n<p>\u00cencep\u00e2nd cu aceast\u0103 dup\u0103-amiaz\u0103, intensific\u0103rile v\u00e2ntului vor fi resim\u021bite \u00een sudul Moldovei \u0219i \u00een Muntenia, urmate de o extindere a acestora \u00een Dobrogea \u0219i sud-estul Olteniei. Rafalele de v\u00e2nt vor atinge viteze de 50-60 km\/h, iar \u00een unele zone, acestea vor putea dep\u0103\u0219i 65-70 km\/h, ceea ce va conduce la o vizibilitate redus\u0103, sub 100 de metri, \u00een regiunile afectate de viscol.<\/p>\n<p><strong>Ninsori \u0219i polei<\/strong><\/p>\n<p>Noaptea de vineri spre s\u00e2mb\u0103t\u0103 va aduce precipita\u021bii mixte, cu risc de polei \u0219i ghe\u021bu\u0219, care ulterior vor fi \u00eenlocuite de ninsoare pe aproape \u00eentreg teritoriul, cu excep\u021bia litoralului. Se estimeaz\u0103 c\u0103 stratul de z\u0103pad\u0103 va ajunge la grosimi de 15-20 cm, iar cantit\u0103\u021bile de ap\u0103 acumulate vor varia \u00eentre 15 \u0219i 30 l\/mp.<\/p>\n<p><strong>Ger \u0219i temperaturi extreme<\/strong><\/p>\n<p>S\u00e2mb\u0103t\u0103, vremea se va r\u0103ci brusc \u00een majoritatea regiunilor \u021b\u0103rii. Maximele \u00een sud \u0219i est nu vor dep\u0103\u0219i -5 p\u00e2n\u0103 la 1 grad, iar minimele din noaptea de vineri spre s\u00e2mb\u0103t\u0103 vor sc\u0103dea la -12 grade \u00een nordul Moldovei \u0219i nord-estul Transilvaniei.<\/p>\n<p><strong>Informarea meteo \u00een vigoare<\/strong><\/p>\n<p>O informare meteorologic\u0103 anterioar\u0103 r\u0103m\u00e2ne \u00een vigoare pentru \u00eentreaga \u021bar\u0103 p\u00e2n\u0103 duminic\u0103 diminea\u021ba, av\u00e2nd \u00een vedere ninsorile, poleiul, v\u00e2ntul \u0219i viscolul la munte, unde rafalele pot atinge 70-90 km\/h la altitudini mari.<\/p>\n<p>\u00cen regiunile Banat \u0219i Cri\u0219ana, ploile vor fi predominante, \u00een timp ce \u00een Moldova \u0219i zonele montane va ninge. Pe parcursul zilei de vineri, restul \u021b\u0103rii va fi afectat \u00een principal de ploi. \u00cens\u0103, din seara zilei de vineri \u0219i p\u00e2n\u0103 duminic\u0103 diminea\u021ba, ninsorile vor deveni predominant\u0103. \u00cen anumite zone, cantit\u0103\u021bile de ap\u0103 vor varia \u00eentre 15 \u0219i 20 l\/mp, iar izolat se vor \u00eenregistra valori de peste 25 l\/mp.<\/p>\n<p>Se va forma polei \u0219i ghe\u021bu\u0219 pe suprafe\u021be mici, iar stratul de z\u0103pad\u0103 va avea grosimi medii \u00eentre 5 \u0219i 15 cm. Vineri, v\u00e2ntul va avea intensific\u0103ri temporare \u00een regiunile vestice \u0219i la munte, iar \u00eencep\u00e2nd cu orele amiezii \u0219i p\u00e2n\u0103 s\u00e2mb\u0103t\u0103 seara, intensific\u0103rile se vor extinde \u0219i \u00een regiunile estice \u0219i sud-estice, cu viteze de 40-55 km\/h, iar la altitudini mari, rafalele vor atinge 70-90 km\/h. \u00cen sud-estul \u021b\u0103rii, va fi temporar viscol \u0219i vizibilitate redus\u0103.<\/p>\n<p>Vineri, vremea va fi rece \u00een jum\u0103tatea de nord a Moldovei, cu maxime cuprinse \u00eentre -3 \u0219i 2 grade. Minimele termice din noaptea de vineri spre s\u00e2mb\u0103t\u0103 se vor situa \u00eentre -12 \u0219i 4 grade, cele mai sc\u0103zute valori fiind \u00eenregistrate \u00een nordul Moldovei \u0219i nord-estul Transilvaniei. S\u00e2mb\u0103t\u0103, vremea se va r\u0103ci semnificativ \u00een cea mai mare parte a \u021b\u0103rii, devenind deosebit de rece \u00een sud \u0219i est, cu temperaturi maxime \u00eentre -5 \u0219i 1 grad.<\/p>\n","protected":false},"excerpt":{"rendered":"<p>Noul raport al Administra\u021biei Na\u021bionale de Meteorologie (ANM) aduce ve\u0219ti importante, \u00een special o alert\u0103 de Cod galben, care preconizeaz\u0103 viscol puternic \u0219i precipita\u021bii semnificative \u00een regiunile deja afectate de v\u00e2nt \u0219i ninsoare. \u00cencep\u00e2nd cu aceast\u0103 dup\u0103-amiaz\u0103, intensific\u0103rile v\u00e2ntului vor fi resim\u021bite \u00een sudul Moldovei \u0219i \u00een Muntenia, urmate de o extindere a acestora \u00een [&hellip;]<\/p>\n","protected":false},"author":5,"featured_media":5960,"comment_status":"open","ping_status":"open","sticky":false,"template":"","format":"standard","meta":{"jnews-multi-image_gallery":[],"jnews_single_post":[],"jnews_primary_category":[],"jnews_override_counter":[],"footnotes":""},"categories":[45],"tags":[1561,4036,743,136,135,8825,137,7865],"class_list":["post-5959","post","type-post","status-publish","format-standard","has-post-thumbnail","hentry","category-meteo","tag-alerta-cod-galben","tag-muntenia","tag-ninsoare","tag-polei","tag-precipitatii","tag-sudul-moldovei","tag-vant","tag-viscol-puternic"],"_links":{"self":[{"href":"https:\/\/www.newsrecorder.ro\/app\/wp-json\/wp\/v2\/posts\/5959","targetHints":{"allow":["GET"]}}],"collection":[{"href":"https:\/\/www.newsrecorder.ro\/app\/wp-json\/wp\/v2\/posts"}],"about":[{"href":"https:\/\/www.newsrecorder.ro\/app\/wp-json\/wp\/v2\/types\/post"}],"author":[{"embeddable":true,"href":"https:\/\/www.newsrecorder.ro\/app\/wp-json\/wp\/v2\/users\/5"}],"replies":[{"embeddable":true,"href":"https:\/\/www.newsrecorder.ro\/app\/wp-json\/wp\/v2\/comments?post=5959"}],"version-history":[{"count":0,"href":"https:\/\/www.newsrecorder.ro\/app\/wp-json\/wp\/v2\/posts\/5959\/revisions"}],"wp:featuredmedia":[{"embeddable":true,"href":"https:\/\/www.newsrecorder.ro\/app\/wp-json\/wp\/v2\/media\/5960"}],"wp:attachment":[{"href":"https:\/\/www.newsrecorder.ro\/app\/wp-json\/wp\/v2\/media?parent=5959"}],"wp:term":[{"taxonomy":"category","embeddable":true,"href":"https:\/\/www.newsrecorder.ro\/app\/wp-json\/wp\/v2\/categories?post=5959"},{"taxonomy":"post_tag","embeddable":true,"href":"https:\/\/www.newsrecorder.ro\/app\/wp-json\/wp\/v2\/tags?post=5959"}],"curies":[{"name":"wp","href":"https:\/\/api.w.org\/{rel}","templated":true}]}}