{"id":5977,"date":"2026-03-01T21:11:11","date_gmt":"2026-03-01T21:11:11","guid":{"rendered":"https:\/\/www.newsrecorder.ro\/app\/2026\/03\/01\/paramount-achizitioneaza-warner-bros-netflix-se-retrage-din-competitie-2\/"},"modified":"2026-03-01T21:11:11","modified_gmt":"2026-03-01T21:11:11","slug":"paramount-achizitioneaza-warner-bros-netflix-se-retrage-din-competitie-2","status":"publish","type":"post","link":"https:\/\/www.newsrecorder.ro\/app\/2026\/03\/01\/paramount-achizitioneaza-warner-bros-netflix-se-retrage-din-competitie-2\/","title":{"rendered":"Paramount achizi\u021bioneaz\u0103 Warner Bros: Netflix se retrage din competi\u021bie!"},"content":{"rendered":"<p class=\"font-claude-response-body break-words whitespace-normal leading-[1.7]\">Paramount a reu\u0219it s\u0103 finalizeze achizi\u021bia Warner Bros Discovery, dup\u0103 ce Netflix a decis s\u0103 se retrag\u0103 din competi\u021bie. Tranzac\u021bia a fost realizat\u0103 la pre\u021bul de 31 de dolari pe ac\u021biune pentru \u00eentreaga companie, inclusiv pentru CNN, conform unei informa\u021bii publicate de <a href=\"https:\/\/www.ansa.it\/sito\/notizie\/cultura\/2026\/02\/27\/netflix-rinuncia-ad-alzare-lofferta-per-warner-vittoria-a-paramount_a78aac48-f72b-41b0-8cdc-97cfa9d6072d.html\" target=\"_blank\" rel=\"noopener\">ANSA<\/a>.<\/p>\n<p class=\"font-claude-response-body break-words whitespace-normal leading-[1.7]\">Decizia Netflix de a abandona oferta a fost explicat\u0103 clar de conducerea companiei. \u201eAceast\u0103 tranzac\u021bie nu mai este atractiv\u0103 din punct de vedere financiar. Ar fi fost o oportunitate valoroas\u0103 la un pre\u021b corect, nu la orice pre\u021b\u201d, au declarat Ted Sarandos \u0219i Greg Peters, directorii executivi ai Netflix.<\/p>\n<p><strong>CBS \u0219i CNN, concuren\u021bi sub acela\u0219i acoperi\u0219<\/strong><\/p>\n<p class=\"font-claude-response-body break-words whitespace-normal leading-[1.7]\">Paramount de\u021bine deja CBS, care este un competitor direct al CNN. \u00cen prezent, nu exist\u0103 informa\u021bii despre planurile lui David Ellison pentru cele dou\u0103 re\u021bele care se adreseaz\u0103 unui public similar.<\/p>\n<p class=\"font-claude-response-body break-words whitespace-normal leading-[1.7]\">Fuziunea ridic\u0103 \u00eentreb\u0103ri serioase \u00een leg\u0103tur\u0103 cu viitorul angaja\u021bilor din ambele redac\u021bii. Paramount a identificat deja sinergii estimative de 6 miliarde de dolari, ceea ce genereaz\u0103 temeri referitoare la posibile reduceri semnificative de personal.<\/p>\n<p><strong>Influen\u021ba lui Trump asupra fuziunii<\/strong><\/p>\n<p class=\"font-claude-response-body break-words whitespace-normal leading-[1.7]\">Un aspect mai \u00eengrijor\u0103tor dec\u00e2t fuziunea \u00een sine este poten\u021bialul impact al lui Donald Trump asupra noului conglomerat media. Larry Ellison, tat\u0103l lui David, are o rela\u021bie de prietenie cu fostul pre\u0219edinte \u0219i a achizi\u021bionat recent o proprietate \u00een Florida pentru a fi mai aproape de el.<\/p>\n<p class=\"font-claude-response-body break-words whitespace-normal leading-[1.7]\">Trump, cunoscut pentru criticile sale vehemente fa\u021b\u0103 de pres\u0103, pe care a numit-o \u201edu\u0219manul poporului\u201d, ar putea folosi aceast\u0103 apropiere pentru a influen\u021ba modul \u00een care este tratat\u0103 media. Criticii sus\u021bin c\u0103 aceast\u0103 influen\u021b\u0103 ar putea, de asemenea, s\u0103 afecteze aprobarea fuziunii \u00een instan\u021bele antitrust.<\/p>\n<p class=\"font-claude-response-body break-words whitespace-normal leading-[1.7]\">Odat\u0103 cu achizi\u021bia Warner, familia Ellison devine un juc\u0103tor de frunte \u00een Hollywood, media, streaming, social media \u0219i tehnologie, reunind sub acela\u0219i acoperi\u0219 platformele Paramount+ \u0219i HBO Max, precum \u0219i CNN \u0219i CBS, al\u0103turi de Oracle \u0219i TikTok.<\/p>\n<p class=\"font-claude-response-body break-words whitespace-normal leading-[1.7]\">Acest conglomerat este comparabil cu imperiul lui Rupert Murdoch \u00een perioada sa de v\u00e2rf, care includea \u0219i Sky \u00een Europa. De\u0219i Murdoch a redus dimensiunile imperiului s\u0103u, el r\u0103m\u00e2ne o voce influent\u0103 pentru publicul conservator american prin re\u021beaua Fox.<\/p>\n<p><strong>Reac\u021bia autorit\u0103\u021bilor<\/strong><\/p>\n<p class=\"font-claude-response-body break-words whitespace-normal leading-[1.7]\">Procurorul general al Californiei, Rob Bonta, a subliniat c\u0103 fuziunea nu este o afacere finalizat\u0103. \u201eAceasta nu este o afacere \u00eencheiat\u0103\u201d, a afirmat el, promi\u021b\u00e2nd o evaluare am\u0103nun\u021bit\u0103 a implica\u021biilor economice pentru statul California.<\/p>\n","protected":false},"excerpt":{"rendered":"<p>Paramount a reu\u0219it s\u0103 finalizeze achizi\u021bia Warner Bros Discovery, dup\u0103 ce Netflix a decis s\u0103 se retrag\u0103 din competi\u021bie. Tranzac\u021bia a fost realizat\u0103 la pre\u021bul de 31 de dolari pe ac\u021biune pentru \u00eentreaga companie, inclusiv pentru CNN, conform unei informa\u021bii publicate de ANSA. Decizia Netflix de a abandona oferta a fost explicat\u0103 clar de conducerea [&hellip;]<\/p>\n","protected":false},"author":7,"featured_media":5978,"comment_status":"open","ping_status":"open","sticky":false,"template":"","format":"standard","meta":{"jnews-multi-image_gallery":[],"jnews_single_post":[],"jnews_primary_category":[],"jnews_override_counter":[],"footnotes":""},"categories":[43],"tags":[1663,8457,1661,2088,2456,4013,8830,4014],"class_list":["post-5977","post","type-post","status-publish","format-standard","has-post-thumbnail","hentry","category-cultura","tag-achizitie","tag-cbs","tag-cnn","tag-fuziune","tag-netflix","tag-paramount","tag-sinergii","tag-warner-bros"],"_links":{"self":[{"href":"https:\/\/www.newsrecorder.ro\/app\/wp-json\/wp\/v2\/posts\/5977","targetHints":{"allow":["GET"]}}],"collection":[{"href":"https:\/\/www.newsrecorder.ro\/app\/wp-json\/wp\/v2\/posts"}],"about":[{"href":"https:\/\/www.newsrecorder.ro\/app\/wp-json\/wp\/v2\/types\/post"}],"author":[{"embeddable":true,"href":"https:\/\/www.newsrecorder.ro\/app\/wp-json\/wp\/v2\/users\/7"}],"replies":[{"embeddable":true,"href":"https:\/\/www.newsrecorder.ro\/app\/wp-json\/wp\/v2\/comments?post=5977"}],"version-history":[{"count":0,"href":"https:\/\/www.newsrecorder.ro\/app\/wp-json\/wp\/v2\/posts\/5977\/revisions"}],"wp:featuredmedia":[{"embeddable":true,"href":"https:\/\/www.newsrecorder.ro\/app\/wp-json\/wp\/v2\/media\/5978"}],"wp:attachment":[{"href":"https:\/\/www.newsrecorder.ro\/app\/wp-json\/wp\/v2\/media?parent=5977"}],"wp:term":[{"taxonomy":"category","embeddable":true,"href":"https:\/\/www.newsrecorder.ro\/app\/wp-json\/wp\/v2\/categories?post=5977"},{"taxonomy":"post_tag","embeddable":true,"href":"https:\/\/www.newsrecorder.ro\/app\/wp-json\/wp\/v2\/tags?post=5977"}],"curies":[{"name":"wp","href":"https:\/\/api.w.org\/{rel}","templated":true}]}}