{"id":6031,"date":"2026-03-02T01:50:58","date_gmt":"2026-03-02T01:50:58","guid":{"rendered":"https:\/\/www.newsrecorder.ro\/app\/2026\/03\/02\/brasov-noua-mecca-europeana-pentru-metale-rare-din-groenlanda\/"},"modified":"2026-03-02T01:50:58","modified_gmt":"2026-03-02T01:50:58","slug":"brasov-noua-mecca-europeana-pentru-metale-rare-din-groenlanda","status":"publish","type":"post","link":"https:\/\/www.newsrecorder.ro\/app\/2026\/03\/02\/brasov-noua-mecca-europeana-pentru-metale-rare-din-groenlanda\/","title":{"rendered":"Bra\u0219ov: Noua Mecca European\u0103 pentru Metale Rare din Groenlanda?"},"content":{"rendered":"<p class=\"font-claude-response-body break-words whitespace-normal leading-[1.7]\">Rom\u00e2nia a \u00eencheiat un acord strategic cu compania american\u0103 Critical Metals pentru construirea unei fabrici \u00een Feldioara, jude\u021bul Bra\u0219ov. Aceast\u0103 nou\u0103 unitate va func\u021biona \u00een apropierea unei fabrici existente de prelucrare a uraniului, care colaboreaz\u0103 de asemenea cu Critical Metals, conform informa\u021biilor publicate de <a href=\"https:\/\/www.vg.hu\/nemzetkozi-gazdasag\/2026\/03\/ritkafoldfem-brasso-megye-gronland?utm_source=hirstart&amp;utm_medium=referral&amp;utm_campaign=hiraggregator#google_vignette\" target=\"_blank\" rel=\"noopener\">Vil\u00e1ggazdas\u00e1g<\/a>.<\/p>\n<p class=\"font-claude-response-body break-words whitespace-normal leading-[1.7]\">Pre\u0219edintele Nicu\u0219or Dan a confirmat acest acord \u00eentr-o declara\u021bie f\u0103cut\u0103 joi la radio. Rom\u00e2nia particip\u0103 activ la negocieri interna\u021bionale al\u0103turi de Statele Unite \u0219i Uniunea European\u0103, av\u00e2nd ca scop dezvoltarea unui mecanism comun pentru gestionarea materialelor critice.<\/p>\n<p class=\"font-claude-response-body break-words whitespace-normal leading-[1.7]\">Fabrica va utiliza materii prime extrase din <strong>z\u0103c\u0103m\u00e2ntul Tanbreez din Groenlanda<\/strong>, acoperind astfel \u00eentregul lan\u021b de aprovizionare, de la extrac\u021bie, la prelucrare \u0219i utilizare industrial\u0103 final\u0103.<\/p>\n<p class=\"font-claude-response-body break-words whitespace-normal leading-[1.7]\">Produsele finite rezultate din aceast\u0103 activitate vor fi distribuite at\u00e2t pe pia\u021ba european\u0103, c\u00e2t \u0219i pe cea american\u0103.<\/p>\n<p class=\"font-claude-response-body break-words whitespace-normal leading-[1.7]\">Importan\u021ba acestui proiect este semnificativ\u0103, av\u00e2nd \u00een vedere c\u0103 Critical Metals a subliniat rolul s\u0103u \u00een reducerea dependen\u021bei Europei \u0219i SUA de China, care de\u021bine \u00een prezent o pozi\u021bie dominant\u0103 \u00een produc\u021bia \u0219i prelucrarea metalelor rare la nivel global.<\/p>\n<p class=\"font-claude-response-body break-words whitespace-normal leading-[1.7]\">\u00cen plus, contextul geopolitic ofer\u0103 o greutate suplimentar\u0103 acestui anun\u021b. Administra\u021bia Trump a exprimat \u00een mod repetat interesul de a avea Groenlanda sub jurisdic\u021bia Statelor Unite, ceea ce subliniaz\u0103 interesul american fa\u021b\u0103 de resursele insulei.<\/p>\n<p class=\"font-claude-response-body break-words whitespace-normal leading-[1.7]\">P\u00e2n\u0103 la mijlocul lunii aprilie, autorit\u0103\u021bile rom\u00e2ne vor lucra la stabilirea a dou\u0103 aspecte esen\u021biale: condi\u021biile de finan\u021bare pentru construc\u021bia fabricii \u0219i lista specific\u0103 a metalelor care urmeaz\u0103 a fi prelucrate.<\/p>\n<p class=\"font-claude-response-body break-words whitespace-normal leading-[1.7]\">Conform publica\u021biei maghiare Origo, citate de Vil\u00e1ggazdas\u00e1g, modelul de finan\u021bare \u0219i operare este deja \u00een curs de dezvoltare.<\/p>\n","protected":false},"excerpt":{"rendered":"<p>Rom\u00e2nia a \u00eencheiat un acord strategic cu compania american\u0103 Critical Metals pentru construirea unei fabrici \u00een Feldioara, jude\u021bul Bra\u0219ov. Aceast\u0103 nou\u0103 unitate va func\u021biona \u00een apropierea unei fabrici existente de prelucrare a uraniului, care colaboreaz\u0103 de asemenea cu Critical Metals, conform informa\u021biilor publicate de Vil\u00e1ggazdas\u00e1g. Pre\u0219edintele Nicu\u0219or Dan a confirmat acest acord \u00eentr-o declara\u021bie f\u0103cut\u0103 [&hellip;]<\/p>\n","protected":false},"author":4,"featured_media":6032,"comment_status":"open","ping_status":"open","sticky":false,"template":"","format":"standard","meta":{"jnews-multi-image_gallery":[],"jnews_single_post":[],"jnews_primary_category":[],"jnews_override_counter":[],"footnotes":""},"categories":[40],"tags":[2730,8889,2901,8005,8890,8891,149,3572],"class_list":["post-6031","post","type-post","status-publish","format-standard","has-post-thumbnail","hentry","category-econonie","tag-brasov","tag-critical-metals","tag-fabrica","tag-lant-de-aprovizionare","tag-materiale-critice","tag-negocieri-internationale","tag-romania","tag-uraniu"],"_links":{"self":[{"href":"https:\/\/www.newsrecorder.ro\/app\/wp-json\/wp\/v2\/posts\/6031","targetHints":{"allow":["GET"]}}],"collection":[{"href":"https:\/\/www.newsrecorder.ro\/app\/wp-json\/wp\/v2\/posts"}],"about":[{"href":"https:\/\/www.newsrecorder.ro\/app\/wp-json\/wp\/v2\/types\/post"}],"author":[{"embeddable":true,"href":"https:\/\/www.newsrecorder.ro\/app\/wp-json\/wp\/v2\/users\/4"}],"replies":[{"embeddable":true,"href":"https:\/\/www.newsrecorder.ro\/app\/wp-json\/wp\/v2\/comments?post=6031"}],"version-history":[{"count":0,"href":"https:\/\/www.newsrecorder.ro\/app\/wp-json\/wp\/v2\/posts\/6031\/revisions"}],"wp:featuredmedia":[{"embeddable":true,"href":"https:\/\/www.newsrecorder.ro\/app\/wp-json\/wp\/v2\/media\/6032"}],"wp:attachment":[{"href":"https:\/\/www.newsrecorder.ro\/app\/wp-json\/wp\/v2\/media?parent=6031"}],"wp:term":[{"taxonomy":"category","embeddable":true,"href":"https:\/\/www.newsrecorder.ro\/app\/wp-json\/wp\/v2\/categories?post=6031"},{"taxonomy":"post_tag","embeddable":true,"href":"https:\/\/www.newsrecorder.ro\/app\/wp-json\/wp\/v2\/tags?post=6031"}],"curies":[{"name":"wp","href":"https:\/\/api.w.org\/{rel}","templated":true}]}}