{"id":6035,"date":"2026-03-02T01:51:32","date_gmt":"2026-03-02T01:51:32","guid":{"rendered":"https:\/\/www.newsrecorder.ro\/app\/2026\/03\/02\/iranul-cere-raspunderea-sua-si-israel-pentru-moartea-liderului-suprem\/"},"modified":"2026-03-02T01:51:32","modified_gmt":"2026-03-02T01:51:32","slug":"iranul-cere-raspunderea-sua-si-israel-pentru-moartea-liderului-suprem","status":"publish","type":"post","link":"https:\/\/www.newsrecorder.ro\/app\/2026\/03\/02\/iranul-cere-raspunderea-sua-si-israel-pentru-moartea-liderului-suprem\/","title":{"rendered":"Iranul cere r\u0103spunderea SUA \u0219i Israel pentru moartea liderului suprem"},"content":{"rendered":"<p style=\"text-align: left\">Ministrul de Externe al Iranului, Abbas Araghchi, a avertizat Na\u021biunile Unite cu privire la consecin\u021bele grave ale uciderii liderului suprem, ayatollahul Ali Khamenei, numind acest act \u201eo cutie a Pandorei periculoas\u0103\u201d.<\/p>\n<p style=\"text-align: left\">\u00centr-o scrisoare trimis\u0103 duminic\u0103 ONU, Araghchi a declarat c\u0103 eliminarea liderului suprem reprezint\u0103 \u201eo \u00eenc\u0103lcare grav\u0103 \u0219i f\u0103r\u0103 precedent\u201d a normelor fundamentale care reglementeaz\u0103 rela\u021biile interna\u021bionale.<\/p>\n<p style=\"text-align: left\">Amenin\u021b\u00e2nd stabilitatea global\u0103, el a solicitat organiza\u021biei interna\u021bionale \u0219i Consiliului de Securitate s\u0103 ia m\u0103suri pentru a-i trasa la r\u0103spundere pe Statele Unite \u0219i Israel pentru implicarea lor \u00een aceast\u0103 ac\u021biune violent\u0103.<\/p>\n<p style=\"text-align: left\">\u201eUn astfel de comportament nu doar c\u0103 contravine principiilor dreptului interna\u021bional, dar deschide imprudent o cutie a Pandorei periculoas\u0103, afect\u00e2nd echilibrul suveranit\u0103\u021bii \u0219i stabilitatea sistemului interna\u021bional\u201d, a ad\u0103ugat Araghchi, conform <a href=\"https:\/\/apnews.com\/live\/us-israel-strikes-iran-khamenei-03-01-2026#0000019c-abc9-d479-ad9e-ffc9603b0000\" target=\"_blank\" rel=\"noopener\">Associated Press.<\/a><\/p>\n<p style=\"text-align: left\">\u00centr-un context de doliu na\u021bional, liderul suprem al Republicii Islamice Iran, ayatollahul Ali Khamenei, a fost ucis \u00een noaptea de 28 februarie spre 1 martie, \u00eentr-un atac militar coordonat de Statele Unite \u0219i Israel asupra Iranului. Atacuri cu rachete au vizat complexul s\u0103u din Teheran, conform relat\u0103rilor oficiale \u0219i ale presei interna\u021bionale.<\/p>\n<p style=\"text-align: left\">Opera\u021biunea, numit\u0103 de oficialii americani \u0219i israelieni \u201eOperation Epic Fury\u201d, a avut ca \u021bint\u0103 lideri iranieni de rang \u00eenalt \u0219i a inclus lovituri coordonate care au distrus cl\u0103direa \u00een care se afla Khamenei.<\/p>\n<p style=\"text-align: left\">Anun\u021bul oficial al decesului a fost f\u0103cut de televiziunea de stat iranian\u0103 s\u00e2mb\u0103t\u0103 diminea\u021ba, dup\u0103 ce ini\u021bial guvernul de la Teheran a negat informa\u021biile privind moartea liderului. \u00cen urma acestui eveniment tragic, Iranul a decretat o perioad\u0103 de 40 de zile de doliu na\u021bional.<\/p>\n","protected":false},"excerpt":{"rendered":"<p>Ministrul de Externe al Iranului, Abbas Araghchi, a avertizat Na\u021biunile Unite cu privire la consecin\u021bele grave ale uciderii liderului suprem, ayatollahul Ali Khamenei, numind acest act \u201eo cutie a Pandorei periculoas\u0103\u201d. \u00centr-o scrisoare trimis\u0103 duminic\u0103 ONU, Araghchi a declarat c\u0103 eliminarea liderului suprem reprezint\u0103 \u201eo \u00eenc\u0103lcare grav\u0103 \u0219i f\u0103r\u0103 precedent\u201d a normelor fundamentale care reglementeaz\u0103 [&hellip;]<\/p>\n","protected":false},"author":2,"featured_media":6036,"comment_status":"open","ping_status":"open","sticky":false,"template":"","format":"standard","meta":{"jnews-multi-image_gallery":[],"jnews_single_post":[],"jnews_primary_category":[],"jnews_override_counter":[],"footnotes":""},"categories":[39],"tags":[7055,8892,2192,913,268,8683,2874,680],"class_list":["post-6035","post","type-post","status-publish","format-standard","has-post-thumbnail","hentry","category-stirile-zilei","tag-abbas-araghchi","tag-ayatollah-ali-khamenei","tag-consiliul-de-securitate","tag-iran","tag-israel","tag-natiunile-unite","tag-stabilitate-globala","tag-statele-unite"],"_links":{"self":[{"href":"https:\/\/www.newsrecorder.ro\/app\/wp-json\/wp\/v2\/posts\/6035","targetHints":{"allow":["GET"]}}],"collection":[{"href":"https:\/\/www.newsrecorder.ro\/app\/wp-json\/wp\/v2\/posts"}],"about":[{"href":"https:\/\/www.newsrecorder.ro\/app\/wp-json\/wp\/v2\/types\/post"}],"author":[{"embeddable":true,"href":"https:\/\/www.newsrecorder.ro\/app\/wp-json\/wp\/v2\/users\/2"}],"replies":[{"embeddable":true,"href":"https:\/\/www.newsrecorder.ro\/app\/wp-json\/wp\/v2\/comments?post=6035"}],"version-history":[{"count":0,"href":"https:\/\/www.newsrecorder.ro\/app\/wp-json\/wp\/v2\/posts\/6035\/revisions"}],"wp:featuredmedia":[{"embeddable":true,"href":"https:\/\/www.newsrecorder.ro\/app\/wp-json\/wp\/v2\/media\/6036"}],"wp:attachment":[{"href":"https:\/\/www.newsrecorder.ro\/app\/wp-json\/wp\/v2\/media?parent=6035"}],"wp:term":[{"taxonomy":"category","embeddable":true,"href":"https:\/\/www.newsrecorder.ro\/app\/wp-json\/wp\/v2\/categories?post=6035"},{"taxonomy":"post_tag","embeddable":true,"href":"https:\/\/www.newsrecorder.ro\/app\/wp-json\/wp\/v2\/tags?post=6035"}],"curies":[{"name":"wp","href":"https:\/\/api.w.org\/{rel}","templated":true}]}}