{"id":605,"date":"2026-01-25T22:11:49","date_gmt":"2026-01-25T22:11:49","guid":{"rendered":"https:\/\/www.newsrecorder.ro\/app\/2026\/01\/25\/ciucu-dezvaluie-stenograme-false-de-la-vila-lac-ce-a-mintit-rares-bogdan\/"},"modified":"2026-01-25T22:11:49","modified_gmt":"2026-01-25T22:11:49","slug":"ciucu-dezvaluie-stenograme-false-de-la-vila-lac-ce-a-mintit-rares-bogdan","status":"publish","type":"post","link":"https:\/\/www.newsrecorder.ro\/app\/2026\/01\/25\/ciucu-dezvaluie-stenograme-false-de-la-vila-lac-ce-a-mintit-rares-bogdan\/","title":{"rendered":"Ciucu dezv\u0103luie: Stenograme false de la Vila Lac! Ce a min\u021bit Rare\u0219 Bogdan?"},"content":{"rendered":"<p>Ciprian Ciucu a fost \u00eentrebat recent despre posibilitatea de a-l \u00eenl\u0103tura pe premierul Ilie Bolojan din func\u021bie.<\/p>\n<p>\u201eVreau s\u0103 subliniez c\u0103 informa\u021biile ap\u0103rute \u00een pres\u0103 difer\u0103 semnificativ de realitatea din interiorul partidului. Am observat stenograme false circul\u00e2nd de la Villa Lac. S-a vorbit despre un presupus conflict acolo, dar, pentru a fi foarte clar, nu a existat niciun astfel de conflict. Cei care le difuzeaz\u0103 ar trebui s\u0103 le scoat\u0103 pe voce. Oricine poate scrie texte \u0219i inventa pove\u0219ti\u201d, a declarat Ciucu la Antena 3 CNN.<\/p>\n<p>Referitor la comentariile lui Rare\u0219 Bogdan \u2013 fostul lider care a avut critici severe la adresa premierului Ilie Bolojan, acesta suger\u00e2nd c\u0103 Bolojan ar putea fi considerat un \u201edictator\u201d chiar \u0219i \u00een r\u00e2ndul liberalilor, Ciprian Ciucu a afirmat c\u0103 \u201edomnul Rare\u0219 Bogdan nu poate aduce dovezi pentru afirma\u021biile sale\u201d.<\/p>\n<p>\u201eRare\u0219 Bogdan a profitat de \u0219edin\u021ba BPN, unde nu mai este membru, doar pentru a face declara\u021bii, \u00eens\u0103 \u00een cadrul \u00eent\u00e2lnirii a avut un comportament constructiv. Nu \u0219tiu ce inten\u021bii are, poate vrea s\u0103 revin\u0103 \u00een prim-planul politicii din Rom\u00e2nia, dar astfel de declara\u021bii, \u00eenainte de Ilie Bolojan, ar fi fost, \u00een mod normal, sanc\u021bionate prin diverse m\u0103suri: suspend\u0103ri, excluderi etc. Mul\u021bi colegi, inclusiv domnul C\u00ee\u021bu (Florin C\u00ee\u021bu \u2013 n.r.), au avut curajul s\u0103 vorbeasc\u0103 public \u00eempotriva partidului \u0219i a liderului acestuia \u0219i nu au suferit nicio consecin\u021b\u0103. Cum poate cineva s\u0103-l considere dictator? Este exact opusul\u201d, a conchis Ciprian Ciucu.<\/p>\n","protected":false},"excerpt":{"rendered":"<p>Ciprian Ciucu a fost \u00eentrebat recent despre posibilitatea de a-l \u00eenl\u0103tura pe premierul Ilie Bolojan din func\u021bie. \u201eVreau s\u0103 subliniez c\u0103 informa\u021biile ap\u0103rute \u00een pres\u0103 difer\u0103 semnificativ de realitatea din interiorul partidului. Am observat stenograme false circul\u00e2nd de la Villa Lac. S-a vorbit despre un presupus conflict acolo, dar, pentru a fi foarte clar, nu [&hellip;]<\/p>\n","protected":false},"author":2,"featured_media":606,"comment_status":"open","ping_status":"open","sticky":false,"template":"","format":"standard","meta":{"jnews-multi-image_gallery":[],"jnews_single_post":[],"jnews_primary_category":[],"jnews_override_counter":[],"footnotes":""},"categories":[42],"tags":[1044,684,1053,302,1047,269,960,1052],"class_list":["post-605","post","type-post","status-publish","format-standard","has-post-thumbnail","hentry","category-politica","tag-ciprian-ciucu","tag-conflict","tag-declaratii","tag-ilie-bolojan","tag-partid","tag-politica","tag-presa","tag-rares-bogdan"],"_links":{"self":[{"href":"https:\/\/www.newsrecorder.ro\/app\/wp-json\/wp\/v2\/posts\/605","targetHints":{"allow":["GET"]}}],"collection":[{"href":"https:\/\/www.newsrecorder.ro\/app\/wp-json\/wp\/v2\/posts"}],"about":[{"href":"https:\/\/www.newsrecorder.ro\/app\/wp-json\/wp\/v2\/types\/post"}],"author":[{"embeddable":true,"href":"https:\/\/www.newsrecorder.ro\/app\/wp-json\/wp\/v2\/users\/2"}],"replies":[{"embeddable":true,"href":"https:\/\/www.newsrecorder.ro\/app\/wp-json\/wp\/v2\/comments?post=605"}],"version-history":[{"count":0,"href":"https:\/\/www.newsrecorder.ro\/app\/wp-json\/wp\/v2\/posts\/605\/revisions"}],"wp:featuredmedia":[{"embeddable":true,"href":"https:\/\/www.newsrecorder.ro\/app\/wp-json\/wp\/v2\/media\/606"}],"wp:attachment":[{"href":"https:\/\/www.newsrecorder.ro\/app\/wp-json\/wp\/v2\/media?parent=605"}],"wp:term":[{"taxonomy":"category","embeddable":true,"href":"https:\/\/www.newsrecorder.ro\/app\/wp-json\/wp\/v2\/categories?post=605"},{"taxonomy":"post_tag","embeddable":true,"href":"https:\/\/www.newsrecorder.ro\/app\/wp-json\/wp\/v2\/tags?post=605"}],"curies":[{"name":"wp","href":"https:\/\/api.w.org\/{rel}","templated":true}]}}