{"id":6053,"date":"2026-03-02T13:26:40","date_gmt":"2026-03-02T13:26:40","guid":{"rendered":"https:\/\/www.newsrecorder.ro\/app\/2026\/03\/02\/oana-lasconi-khamenei-un-feminist-mai-autentic-decat-patriarhul-daniel\/"},"modified":"2026-03-02T13:26:40","modified_gmt":"2026-03-02T13:26:40","slug":"oana-lasconi-khamenei-un-feminist-mai-autentic-decat-patriarhul-daniel","status":"publish","type":"post","link":"https:\/\/www.newsrecorder.ro\/app\/2026\/03\/02\/oana-lasconi-khamenei-un-feminist-mai-autentic-decat-patriarhul-daniel\/","title":{"rendered":"Oana Lasconi: Khamenei, un feminist mai autentic dec\u00e2t Patriarhul Daniel!"},"content":{"rendered":"<p><a href=\"https:\/\/www.mediafax.ro\/politic\/oana-lasconi-asasinarea-lui-khamenei-echivaleaza-cu-asasinarea-papei-pentru-populatia-siita-23695647\">Oana Lasconi<\/a>, fiica fostei jurnaliste \u0219i candidate la pre\u0219edin\u021bia Rom\u00e2niei, Elena Lasconi, a st\u00e2rnit controverse pe re\u021belele de socializare printr-o postare provocatoare. \u00cen aceasta, a afirmat c\u0103 &#8222;Ali Khamenei era de un miliard de ori mai feminist \u0219i mai moral dec\u00e2t Satana \u0103la de Preafericit P\u0103rinte Daniel&#8221;. Aceste cuvinte au fost rostite \u00eentr-un context delicat, \u00een care mii de femei din Iran au fost ucise sau arestate pentru simplul fapt c\u0103 au protestat \u00eempotriva regimului opresiv al ayatollahului Khamenei, care, \u00eencep\u00e2nd din 1979, le-a restric\u021bionat sever drepturile.<\/p>\n<p>Mi\u0219carea \u201eFemei, Via\u021b\u0103, Libertate\u201d a devenit un simbol al luptei pentru drepturile femeilor \u00een Iran, av\u00e2nd ca rezultat moartea a mii de femei iraniene. Aceast\u0103 mi\u0219care a fost impulsionat\u0103 de tragedia Mahsei Amini, o t\u00e2n\u0103r\u0103 de 22 de ani care a fost ucis\u0103 \u00een custodia poli\u021biei morale din Teheran \u00een 2022 pentru \u201epurtarea neconform\u0103 a hijabului\u201d. Aceast\u0103 atrocitate a generat o indignare nu doar \u00een Iran, ci \u0219i la nivel interna\u021bional, amplific\u00e2nd valul de proteste din \u00eentreaga \u021bar\u0103.<\/p>\n<p>Femeile care au luptat pentru libertate \u00een Iran au devenit simboluri ale rezisten\u021bei. De exemplu, Nika Shakarami, o adolescent\u0103 de 16 ani, a fost g\u0103sit\u0103 moart\u0103 \u00een circumstan\u021be neclare \u00een timpul protestelor pentru eliberarea feminist\u0103. Hadis Najafi a fost ucis\u0103 de for\u021bele de securitate, iar Sarina Esmailzadeh, tot o adolescent\u0103 de 16 ani, a murit dup\u0103 ce a fost brutalizat\u0103 de poli\u021bie \u00een timpul acestor manifesta\u021bii.<\/p>\n<p>Pe plan politic, Oana Lasconi a f\u0103cut o mi\u0219care important\u0103 \u00een cariera sa, \u00eenscriindu-se, la sf\u00e2r\u0219itul anului trecut, \u00een Partidul Socialist Rom\u00e2n (PSR). Recent, \u00eens\u0103, a anun\u021bat c\u0103 a decis s\u0103 demisioneze din acest partid, motiv\u00e2nd c\u0103 \u201e\u0219i-ar fi consumat energia pe lupte interne\u201d.<\/p>\n<p>\u201eAderarea mea la PSR a fost o ac\u021biune de combatere a acestor politici f\u0103r\u0103 fond. Dup\u0103 toate discu\u021biile purtate, realizez c\u0103 energia mea ar fi mai degrab\u0103 folosit\u0103 \u00een lupte interne dec\u00e2t \u00een lupta de clas\u0103. Consider asta inacceptabil, deoarece oamenii sufer\u0103 acum, iar solu\u021bia nu trebuie s\u0103 a\u0219tepte o omogenizare a unui grup incompatibil, care e posibil s\u0103 nu vin\u0103 niciodat\u0103. De aceea, am decis s\u0103 m\u0103 retrag \u0219i s\u0103 \u00eei ajut pe cei care au nevoie urgent\u0103 de solu\u021bii\u201d, a scris Oana Lasconi.<\/p>\n<p>PSR se autointituleaz\u0103 un partid de st\u00e2nga, afirm\u00e2nd c\u0103 este un \u201econtinuator al tradi\u021biilor mi\u0219c\u0103rii democratice, muncitore\u0219ti, socialiste \u0219i comuniste din Rom\u00e2nia\u201d.<\/p>\n","protected":false},"excerpt":{"rendered":"<p>Oana Lasconi, fiica fostei jurnaliste \u0219i candidate la pre\u0219edin\u021bia Rom\u00e2niei, Elena Lasconi, a st\u00e2rnit controverse pe re\u021belele de socializare printr-o postare provocatoare. \u00cen aceasta, a afirmat c\u0103 &#8222;Ali Khamenei era de un miliard de ori mai feminist \u0219i mai moral dec\u00e2t Satana \u0103la de Preafericit P\u0103rinte Daniel&#8221;. Aceste cuvinte au fost rostite \u00eentr-un context delicat, [&hellip;]<\/p>\n","protected":false},"author":2,"featured_media":6054,"comment_status":"open","ping_status":"open","sticky":false,"template":"","format":"standard","meta":{"jnews-multi-image_gallery":[],"jnews_single_post":[],"jnews_primary_category":[],"jnews_override_counter":[],"footnotes":""},"categories":[42],"tags":[4191,8908,8906,8907,913,8909,8905,1035],"class_list":["post-6053","post","type-post","status-publish","format-standard","has-post-thumbnail","hentry","category-politica","tag-ali-khamenei","tag-drepturile-femeilor","tag-elena-lasconi","tag-femei-viata-libertate","tag-iran","tag-mahsa-amini","tag-oana-lasconi","tag-proteste"],"_links":{"self":[{"href":"https:\/\/www.newsrecorder.ro\/app\/wp-json\/wp\/v2\/posts\/6053","targetHints":{"allow":["GET"]}}],"collection":[{"href":"https:\/\/www.newsrecorder.ro\/app\/wp-json\/wp\/v2\/posts"}],"about":[{"href":"https:\/\/www.newsrecorder.ro\/app\/wp-json\/wp\/v2\/types\/post"}],"author":[{"embeddable":true,"href":"https:\/\/www.newsrecorder.ro\/app\/wp-json\/wp\/v2\/users\/2"}],"replies":[{"embeddable":true,"href":"https:\/\/www.newsrecorder.ro\/app\/wp-json\/wp\/v2\/comments?post=6053"}],"version-history":[{"count":0,"href":"https:\/\/www.newsrecorder.ro\/app\/wp-json\/wp\/v2\/posts\/6053\/revisions"}],"wp:featuredmedia":[{"embeddable":true,"href":"https:\/\/www.newsrecorder.ro\/app\/wp-json\/wp\/v2\/media\/6054"}],"wp:attachment":[{"href":"https:\/\/www.newsrecorder.ro\/app\/wp-json\/wp\/v2\/media?parent=6053"}],"wp:term":[{"taxonomy":"category","embeddable":true,"href":"https:\/\/www.newsrecorder.ro\/app\/wp-json\/wp\/v2\/categories?post=6053"},{"taxonomy":"post_tag","embeddable":true,"href":"https:\/\/www.newsrecorder.ro\/app\/wp-json\/wp\/v2\/tags?post=6053"}],"curies":[{"name":"wp","href":"https:\/\/api.w.org\/{rel}","templated":true}]}}