{"id":6063,"date":"2026-03-02T13:27:43","date_gmt":"2026-03-02T13:27:43","guid":{"rendered":"https:\/\/www.newsrecorder.ro\/app\/2026\/03\/02\/indemn-urgent-romanii-din-strainatate-contactati-consulatele\/"},"modified":"2026-03-02T13:27:43","modified_gmt":"2026-03-02T13:27:43","slug":"indemn-urgent-romanii-din-strainatate-contactati-consulatele","status":"publish","type":"post","link":"https:\/\/www.newsrecorder.ro\/app\/2026\/03\/02\/indemn-urgent-romanii-din-strainatate-contactati-consulatele\/","title":{"rendered":"\u00cendemn urgent: Rom\u00e2nii din str\u0103in\u0103tate, contacta\u021bi consulatele!"},"content":{"rendered":"<p><em>\u201e\u00cen prezent, primim numeroase sesiz\u0103ri de la cet\u0103\u021benii rom\u00e2ni afla\u021bi \u00een diverse col\u021buri ale lumii, care se confrunt\u0103 cu anularea zborurilor din cauza perturb\u0103rilor \u00een programul interna\u021bional de zboruri, \u00een special \u00een Indonezia, Cambodgia \u0219i Thailanda,\u201d<\/em> a declarat ministrul \u021aoiu.<\/p>\n<p>Ministrul \u00eei \u00eendeamn\u0103 pe rom\u00e2ni s\u0103 ia leg\u0103tura cu consulatele sau s\u0103 se \u00eenregistreze pe platforma consulat.ro. Aceasta va permite Ministerului Afacerilor Externe (MAE) s\u0103 faciliteze comunicarea cu autorit\u0103\u021bile din \u021b\u0103rile respective, \u00een situa\u021biile \u00een care \u0219ederile, vizele de turism sau accesul pe teritoriu dep\u0103\u0219esc durata ini\u021bial planificat\u0103.<\/p>\n<p><em>\u201eNe dorim ca, \u00een cadrul discu\u021biilor cu autorit\u0103\u021bile acestor \u021b\u0103ri, s\u0103 evit\u0103m situa\u021bia \u00een care cet\u0103\u021benii rom\u00e2ni, care nu se fac vinova\u021bi de nimic, s\u0103 fie nevoi\u021bi s\u0103 pl\u0103teasc\u0103 amenzi sau s\u0103 aib\u0103 probleme din cauza expir\u0103rii vizelor,\u201d<\/em> a ad\u0103ugat \u021aoiu. <\/p>\n<p><em>\u201eAcesta este un mesaj adresat acestor cet\u0103\u021beni, s\u0103 nu se \u00eengrijoreze din cauza acestor aspecte. Ne baz\u0103m pe asigurarea prelungirii automate a \u0219ederii pentru cet\u0103\u021benii str\u0103ini afla\u021bi \u00een aceste state, f\u0103r\u0103 aplicarea de sanc\u021biuni,\u201d<\/em> a concluzionat ministrul.<\/p>\n","protected":false},"excerpt":{"rendered":"<p>\u201e\u00cen prezent, primim numeroase sesiz\u0103ri de la cet\u0103\u021benii rom\u00e2ni afla\u021bi \u00een diverse col\u021buri ale lumii, care se confrunt\u0103 cu anularea zborurilor din cauza perturb\u0103rilor \u00een programul interna\u021bional de zboruri, \u00een special \u00een Indonezia, Cambodgia \u0219i Thailanda,\u201d a declarat ministrul \u021aoiu. Ministrul \u00eei \u00eendeamn\u0103 pe rom\u00e2ni s\u0103 ia leg\u0103tura cu consulatele sau s\u0103 se \u00eenregistreze pe [&hellip;]<\/p>\n","protected":false},"author":2,"featured_media":6064,"comment_status":"open","ping_status":"open","sticky":false,"template":"","format":"standard","meta":{"jnews-multi-image_gallery":[],"jnews_single_post":[],"jnews_primary_category":[],"jnews_override_counter":[],"footnotes":""},"categories":[42],"tags":[8922,8921,881,359,523,8310,8923,4082],"class_list":["post-6063","post","type-post","status-publish","format-standard","has-post-thumbnail","hentry","category-politica","tag-cambodgia","tag-consulate","tag-indonezia","tag-ministerul-afacerilor-externe","tag-romani","tag-thailanda","tag-vize","tag-zboruri"],"_links":{"self":[{"href":"https:\/\/www.newsrecorder.ro\/app\/wp-json\/wp\/v2\/posts\/6063","targetHints":{"allow":["GET"]}}],"collection":[{"href":"https:\/\/www.newsrecorder.ro\/app\/wp-json\/wp\/v2\/posts"}],"about":[{"href":"https:\/\/www.newsrecorder.ro\/app\/wp-json\/wp\/v2\/types\/post"}],"author":[{"embeddable":true,"href":"https:\/\/www.newsrecorder.ro\/app\/wp-json\/wp\/v2\/users\/2"}],"replies":[{"embeddable":true,"href":"https:\/\/www.newsrecorder.ro\/app\/wp-json\/wp\/v2\/comments?post=6063"}],"version-history":[{"count":0,"href":"https:\/\/www.newsrecorder.ro\/app\/wp-json\/wp\/v2\/posts\/6063\/revisions"}],"wp:featuredmedia":[{"embeddable":true,"href":"https:\/\/www.newsrecorder.ro\/app\/wp-json\/wp\/v2\/media\/6064"}],"wp:attachment":[{"href":"https:\/\/www.newsrecorder.ro\/app\/wp-json\/wp\/v2\/media?parent=6063"}],"wp:term":[{"taxonomy":"category","embeddable":true,"href":"https:\/\/www.newsrecorder.ro\/app\/wp-json\/wp\/v2\/categories?post=6063"},{"taxonomy":"post_tag","embeddable":true,"href":"https:\/\/www.newsrecorder.ro\/app\/wp-json\/wp\/v2\/tags?post=6063"}],"curies":[{"name":"wp","href":"https:\/\/api.w.org\/{rel}","templated":true}]}}