{"id":6109,"date":"2026-03-02T14:47:54","date_gmt":"2026-03-02T14:47:54","guid":{"rendered":"https:\/\/www.newsrecorder.ro\/app\/2026\/03\/02\/bebelusi-prematuri-abandonati-intr-o-punga-mama-si-bunica-acuzate\/"},"modified":"2026-03-02T14:47:54","modified_gmt":"2026-03-02T14:47:54","slug":"bebelusi-prematuri-abandonati-intr-o-punga-mama-si-bunica-acuzate","status":"publish","type":"post","link":"https:\/\/www.newsrecorder.ro\/app\/2026\/03\/02\/bebelusi-prematuri-abandonati-intr-o-punga-mama-si-bunica-acuzate\/","title":{"rendered":"Bebelu\u0219i prematuri abandona\u021bi \u00eentr-o pung\u0103: Mama \u0219i bunica, acuzate!"},"content":{"rendered":"<p>\u00cen Fran\u021ba, o femeie este judecat\u0103 s\u0103pt\u0103m\u00e2na aceasta pentru o fapta terifiant\u0103: imediat dup\u0103 na\u0219tere, aceasta, \u00eempreun\u0103 cu mama sa, a \u201e\u00eenf\u0103\u0219urat str\u00e2ns\u201d \u0219i a ascuns gemenii n\u0103scu\u021bi prematur \u00eentr-o pung\u0103 de cump\u0103r\u0103turi. Din p\u0103cate, doar unul dintre copii a supravie\u021buit, un adev\u0103rat miracol, conform informa\u021biilor publicate de <a href=\"https:\/\/www.lefigaro.fr\/faits-divers\/bebes-nes-prematures-retrouves-dans-un-sac-de-courses-une-mere-et-une-grand-mere-jugees-aux-assises-20260302\" target=\"_blank\" rel=\"noopener\">Le Figaro<\/a>.<\/p>\n<p>\u201e\u00cen niciun caz nu am vrut s\u0103-mi omor copiii\u201d, a declarat mama celor doi bebelu\u0219i, o t\u00e2n\u0103r\u0103 de 26 de ani, care a descris na\u0219terea ca fiind o experien\u021b\u0103 traumatizant\u0103. \u201eAm n\u0103scut singur\u0103, \u00een dureri\u201d, a continuat ea, l\u0103s\u00e2nd s\u0103 se \u00een\u021beleag\u0103 c\u0103 nu a primit sprijinul necesar din partea mamei sale. \u201ePropria mea mam\u0103 nu m-a sprijinit. Mi-a pus totul \u00een spate\u201d, a spus ea, \u00eencep\u00e2nd un conflict verbal cu acuzata, o disput\u0103 care se preconizeaz\u0103 c\u0103 va dura \u00eentreaga s\u0103pt\u0103m\u00e2n\u0103 de audieri.<\/p>\n<p>Cele dou\u0103 femei, acuzate de omor \u0219i tentativ\u0103 de omor, se confrunt\u0103 cu o pedeaps\u0103 sever\u0103, risc\u00e2nd \u00eenchisoarea pe via\u021b\u0103. Incidentul a avut loc \u00een noaptea dintre 23 \u0219i 24 mai 2020, c\u00e2nd bunica a sunat la urgen\u021be, spun\u00e2nd c\u0103 \u201efiica mea pierde mult s\u00e2nge\u201d, dar f\u0103r\u0103 a men\u021biona existen\u021ba copiilor. \u201eNu vorbi\u021bi prea tare\u201d, a cerut mama la sosirea paramedicilor. \u201ePartenerul meu nu \u0219tie de sarcin\u0103\u201d.<\/p>\n<p>C\u00e2nd paramedicii au \u00eentrebat-o pe Sabrina Boulsas, care avea 20 de ani la acel moment, ce a fost expulzat, ea le-a \u00eenm\u00e2nat o pung\u0103 de cump\u0103r\u0103turi, ascuns\u0103 \u00een spatele unui mobilier, f\u0103r\u0103 a dezv\u0103lui con\u021binutul acesteia. Personalul medical a descoperit un nou-n\u0103scut mort \u0219i un altul care \u00eenc\u0103 tr\u0103ia. Gemenii, n\u0103scu\u021bi \u00eenainte de termen, aveau o greutate de sub 800 de grame, \u00eens\u0103 ambii erau \u00een via\u021b\u0103 la momentul na\u0219terii, conform autopsiei efectuate.<\/p>\n<p>\u00cen timpul audierilor ini\u021biale, mama a negat apoi a recunoscut c\u0103 \u201es-a mi\u0219cat\u201d dup\u0103 na\u0219tere, \u00eens\u0103 procuratura a subliniat c\u0103 ea \u201e\u00eempachetase bine\u201d bebelu\u0219ii \u00een haine, at\u00e2t de bine \u00eenc\u00e2t moa\u0219a a avut \u201edificult\u0103\u021bi\u201d \u00een a-i elibera. Conform procurorului, bebelu\u0219ii erau plasa\u021bi \u00eentr-o geant\u0103 de p\u00e2nz\u0103, care a fost ulterior pus\u0103 \u00eentr-o alt\u0103 pung\u0103 de plastic de c\u0103tre bunica lor.<\/p>\n<p>\u201eVoiam s\u0103 pierd copilul\u201d, a declarat Boulsas \u00een timpul anchetei, afirm\u00e2nd c\u0103 nu \u0219tia c\u0103 este \u00eens\u0103rcinat\u0103 cu gemeni din cauza lipsei de \u00eengrijire medical\u0103. Abandonat\u0103 de tat\u0103l copilului, t\u00e2n\u0103ra se afla \u00eentr-o nou\u0103 rela\u021bie \u0219i nu dorea ca \u201eacest copil\u201d s\u0103 amenin\u021be noua ei via\u021b\u0103. De asemenea, procuratura a men\u021bionat c\u0103 a c\u0103utat pe internet modalit\u0103\u021bi de a \u00eentrerupe sarcina.<\/p>\n","protected":false},"excerpt":{"rendered":"<p>\u00cen Fran\u021ba, o femeie este judecat\u0103 s\u0103pt\u0103m\u00e2na aceasta pentru o fapta terifiant\u0103: imediat dup\u0103 na\u0219tere, aceasta, \u00eempreun\u0103 cu mama sa, a \u201e\u00eenf\u0103\u0219urat str\u00e2ns\u201d \u0219i a ascuns gemenii n\u0103scu\u021bi prematur \u00eentr-o pung\u0103 de cump\u0103r\u0103turi. Din p\u0103cate, doar unul dintre copii a supravie\u021buit, un adev\u0103rat miracol, conform informa\u021biilor publicate de Le Figaro. \u201e\u00cen niciun caz nu am [&hellip;]<\/p>\n","protected":false},"author":2,"featured_media":6110,"comment_status":"open","ping_status":"open","sticky":false,"template":"","format":"standard","meta":{"jnews-multi-image_gallery":[],"jnews_single_post":[],"jnews_primary_category":[],"jnews_override_counter":[],"footnotes":""},"categories":[39],"tags":[8978,8980,8672,165,8602,8979,8977,7954],"class_list":["post-6109","post","type-post","status-publish","format-standard","has-post-thumbnail","hentry","category-stirile-zilei","tag-conflict-familial","tag-experienta-traumatica","tag-femeie","tag-gemeni","tag-judecata","tag-le-figaro","tag-nastere-prematura","tag-omor"],"_links":{"self":[{"href":"https:\/\/www.newsrecorder.ro\/app\/wp-json\/wp\/v2\/posts\/6109","targetHints":{"allow":["GET"]}}],"collection":[{"href":"https:\/\/www.newsrecorder.ro\/app\/wp-json\/wp\/v2\/posts"}],"about":[{"href":"https:\/\/www.newsrecorder.ro\/app\/wp-json\/wp\/v2\/types\/post"}],"author":[{"embeddable":true,"href":"https:\/\/www.newsrecorder.ro\/app\/wp-json\/wp\/v2\/users\/2"}],"replies":[{"embeddable":true,"href":"https:\/\/www.newsrecorder.ro\/app\/wp-json\/wp\/v2\/comments?post=6109"}],"version-history":[{"count":0,"href":"https:\/\/www.newsrecorder.ro\/app\/wp-json\/wp\/v2\/posts\/6109\/revisions"}],"wp:featuredmedia":[{"embeddable":true,"href":"https:\/\/www.newsrecorder.ro\/app\/wp-json\/wp\/v2\/media\/6110"}],"wp:attachment":[{"href":"https:\/\/www.newsrecorder.ro\/app\/wp-json\/wp\/v2\/media?parent=6109"}],"wp:term":[{"taxonomy":"category","embeddable":true,"href":"https:\/\/www.newsrecorder.ro\/app\/wp-json\/wp\/v2\/categories?post=6109"},{"taxonomy":"post_tag","embeddable":true,"href":"https:\/\/www.newsrecorder.ro\/app\/wp-json\/wp\/v2\/tags?post=6109"}],"curies":[{"name":"wp","href":"https:\/\/api.w.org\/{rel}","templated":true}]}}