{"id":6149,"date":"2026-03-02T19:08:33","date_gmt":"2026-03-02T19:08:33","guid":{"rendered":"https:\/\/www.newsrecorder.ro\/app\/2026\/03\/02\/bucuresti-sub-asediul-iernii-viscol-si-15-cm-de-zapada-in-48-de-ore\/"},"modified":"2026-03-02T19:08:33","modified_gmt":"2026-03-02T19:08:33","slug":"bucuresti-sub-asediul-iernii-viscol-si-15-cm-de-zapada-in-48-de-ore","status":"publish","type":"post","link":"https:\/\/www.newsrecorder.ro\/app\/2026\/03\/02\/bucuresti-sub-asediul-iernii-viscol-si-15-cm-de-zapada-in-48-de-ore\/","title":{"rendered":"Bucure\u0219ti sub asediul iernii: viscol \u0219i 15 cm de z\u0103pad\u0103 \u00een 48 de ore!"},"content":{"rendered":"<p>Capitala se va confrunta cu o serie de fenomene meteorologice severe, incluz\u00e2nd intensific\u0103ri ale <a href=\"https:\/\/www.mediafax.ro\/meteo\/anm-cod-galben-de-viscol-si-ninsori-in-jumatate-de-tara-rafale-de-pana-la-70-km-h-23690081\">v\u00e2ntului<\/a>, ninsori abundente, viscol \u0219i un nou strat de z\u0103pad\u0103. \u00cen plus, o <a href=\"https:\/\/www.meteoromania.ro\/\" target=\"_blank\" rel=\"noopener\">informare<\/a> privind vremea extrem de rece este activ\u0103 pentru aceea\u0219i perioad\u0103.<\/p>\n<p><strong>Vineri, 20 februarie: ploi, polei \u0219i ninsoare<\/strong><\/p>\n<p>Cerul se va acoperi treptat de nori, iar din a doua parte a zilei se vor \u00eenregistra ploi. Temperatura maxim\u0103 va varia \u00eentre 2 \u0219i 3 grade Celsius. Dup\u0103-amiaza, v\u00e2ntul va deveni mai puternic, cu rafale ce pot atinge 55-65 km\/h. \u00cen cursul nop\u021bii, precipita\u021biile se vor transforma \u00een mixte \u2014 exist\u00e2nd riscul de polei \u0219i ghe\u021bu\u0219 \u2014 \u00eenainte de a se schimba \u00een ninsoare. Vizibilitatea va sc\u0103dea sub 100 de metri, iar stratul nou de z\u0103pad\u0103 se va acumula, variind \u00eentre 6 \u0219i 8 cm, neuniform.<\/p>\n<p><strong>S\u00e2mb\u0103t\u0103, 21 februarie: ger, ninsori puternice \u0219i viscol<\/strong><\/p>\n<p>Vremea va deveni extrem de rece, cu ninsori semnificative, stratul nou de z\u0103pad\u0103 ajung\u00e2nd la 10-15 cm. V\u00e2ntul va viscole\u0219te ninsoarea \u00een prima parte a zilei, cu rafale \u00eentre 40 \u0219i 45 km\/h. Temperaturile maxime nu vor dep\u0103\u0219i -2 p\u00e2n\u0103 la -3 grade, iar minimele vor cobor\u00ee \u00eentre -4 \u0219i -3 grade.<\/p>\n<p>Pe perioada 20 februarie, ora 10 \u2013 22 februarie, ora 10, municipiul Bucure\u0219ti va fi sub o informare meteorologic\u0103 referitoare la vremea extrem de rece.<\/p>\n<p>De asemenea, \u00eentre 20 februarie, ora 12 \u2013 22 februarie, ora 10, \u00een Bucure\u0219ti va fi \u00een vigoare o aten\u021bionare meteorologic\u0103 ce vizeaz\u0103 intensific\u0103rile v\u00e2ntului, precipita\u021biile abundente, ninsorile, viscolul \u0219i acumul\u0103rile de z\u0103pad\u0103.<\/p>\n","protected":false},"excerpt":{"rendered":"<p>Capitala se va confrunta cu o serie de fenomene meteorologice severe, incluz\u00e2nd intensific\u0103ri ale v\u00e2ntului, ninsori abundente, viscol \u0219i un nou strat de z\u0103pad\u0103. \u00cen plus, o informare privind vremea extrem de rece este activ\u0103 pentru aceea\u0219i perioad\u0103. Vineri, 20 februarie: ploi, polei \u0219i ninsoare Cerul se va acoperi treptat de nori, iar din a [&hellip;]<\/p>\n","protected":false},"author":5,"featured_media":6150,"comment_status":"open","ping_status":"open","sticky":false,"template":"","format":"standard","meta":{"jnews-multi-image_gallery":[],"jnews_single_post":[],"jnews_primary_category":[],"jnews_override_counter":[],"footnotes":""},"categories":[45],"tags":[128,9006,127,136,81,137,1142,1141],"class_list":["post-6149","post","type-post","status-publish","format-standard","has-post-thumbnail","hentry","category-meteo","tag-ger","tag-informare-meteo","tag-ninsori","tag-polei","tag-temperaturi-scazute","tag-vant","tag-viscol","tag-vreme-severa"],"_links":{"self":[{"href":"https:\/\/www.newsrecorder.ro\/app\/wp-json\/wp\/v2\/posts\/6149","targetHints":{"allow":["GET"]}}],"collection":[{"href":"https:\/\/www.newsrecorder.ro\/app\/wp-json\/wp\/v2\/posts"}],"about":[{"href":"https:\/\/www.newsrecorder.ro\/app\/wp-json\/wp\/v2\/types\/post"}],"author":[{"embeddable":true,"href":"https:\/\/www.newsrecorder.ro\/app\/wp-json\/wp\/v2\/users\/5"}],"replies":[{"embeddable":true,"href":"https:\/\/www.newsrecorder.ro\/app\/wp-json\/wp\/v2\/comments?post=6149"}],"version-history":[{"count":0,"href":"https:\/\/www.newsrecorder.ro\/app\/wp-json\/wp\/v2\/posts\/6149\/revisions"}],"wp:featuredmedia":[{"embeddable":true,"href":"https:\/\/www.newsrecorder.ro\/app\/wp-json\/wp\/v2\/media\/6150"}],"wp:attachment":[{"href":"https:\/\/www.newsrecorder.ro\/app\/wp-json\/wp\/v2\/media?parent=6149"}],"wp:term":[{"taxonomy":"category","embeddable":true,"href":"https:\/\/www.newsrecorder.ro\/app\/wp-json\/wp\/v2\/categories?post=6149"},{"taxonomy":"post_tag","embeddable":true,"href":"https:\/\/www.newsrecorder.ro\/app\/wp-json\/wp\/v2\/tags?post=6149"}],"curies":[{"name":"wp","href":"https:\/\/api.w.org\/{rel}","templated":true}]}}