{"id":6173,"date":"2026-03-03T01:38:47","date_gmt":"2026-03-03T01:38:47","guid":{"rendered":"https:\/\/www.newsrecorder.ro\/app\/2026\/03\/03\/pnl-finalizeaza-bugetul-si-planul-de-evacuare-a-romanilor-din-zonele-de-conflict\/"},"modified":"2026-03-03T01:38:47","modified_gmt":"2026-03-03T01:38:47","slug":"pnl-finalizeaza-bugetul-si-planul-de-evacuare-a-romanilor-din-zonele-de-conflict","status":"publish","type":"post","link":"https:\/\/www.newsrecorder.ro\/app\/2026\/03\/03\/pnl-finalizeaza-bugetul-si-planul-de-evacuare-a-romanilor-din-zonele-de-conflict\/","title":{"rendered":"PNL finalizeaz\u0103 bugetul \u0219i planul de evacuare a rom\u00e2nilor din zonele de conflict!"},"content":{"rendered":"<p>\u00cen cadrul recentei \u0219edin\u021be a Biroului Politic Na\u021bional (BPN), un subiect de maxim\u0103 importan\u021b\u0103 a fost validarea ministrului Educa\u021biei, conform surselor interne.<\/p>\n<p>Referitor la situa\u021bia rom\u00e2nilor prinsi \u00een zone de conflict, pre\u0219edintele PNL \u0219i premierul Rom\u00e2niei, Ilie Bolojan, a subliniat esen\u021bialitatea colabor\u0103rii cu companiile aeriene pentru a facilita evacuarea cet\u0103\u021benilor rom\u00e2ni. \u201ePrioritatea noastr\u0103 este s\u0103 colabor\u0103m cu companiile aeriene, astfel \u00eenc\u00e2t s\u0103 evacu\u0103m rom\u00e2nii din zonele cu probleme\u201d, a comunicat Bolojan \u00een cadrul discu\u021biilor.<\/p>\n<p>Sursele indic\u0103 faptul c\u0103 au avut loc \u00eent\u00e2lniri \u00eentre ministrul Transporturilor \u0219i operatorii aerieni pentru a g\u0103si solu\u021bii logistice, ax\u00e2ndu-se \u00een special pe transferul prioritar al copiilor \u0219i persoanelor cu probleme de s\u0103n\u0103tate.<\/p>\n<p>Un alt subiect central al discu\u021biilor a fost bugetul de stat pentru anul 2026, care este aproape finalizat. Ilie Bolojan a subliniat c\u0103, \u00eempreun\u0103 cu ministrul Finan\u021belor, Alexandru Nazare, obiectivul principal a fost crearea unui buget echilibrat, bazat pe venituri realiste \u0219i cheltuieli bine fundamentate. \u201eNu ne mai putem permite modelul \u00een care \u00eencepem anul cu un buget care arat\u0103 bine pe h\u00e2rtie \u0219i \u00eel \u00eencheiem prost\u201d, a declarat liderul liberal.<\/p>\n<p>Sursele afirm\u0103 c\u0103 bugetul este \u201e99% preg\u0103tit\u201d, iar o nou\u0103 rund\u0103 de discu\u021bii finale este programat\u0103 pentru miercuri diminea\u021b\u0103.<\/p>\n<p>Reducerea deficitului bugetar \u0219i cre\u0219terea investi\u021biilor r\u0103m\u00e2n provoc\u0103ri majore, \u00een special \u00een ceea ce prive\u0219te fondurile alocate proiectelor finan\u021bate din bugetul na\u021bional. De asemenea, s-a discutat despre transferurile c\u0103tre bugetele locale, liderii liberali subliniind c\u0103 veniturile autorit\u0103\u021bilor locale ar trebui s\u0103 fie, \u00een mod cert, mai mari dec\u00e2t anul precedent.<\/p>\n<p>Ministrul Finan\u021belor, Alexandru Nazare, a explicat c\u0103, f\u0103r\u0103 m\u0103surile adoptate \u00een 2025, nu ar fi fost posibil\u0103 elaborarea unui buget cu deficit de 6,2%. Sursele men\u021bioneaz\u0103 c\u0103 fondurile pentru Planul Na\u021bional de Redresare \u0219i Rezilien\u021b\u0103 (PNRR) sunt prioritare, av\u00e2nd o cre\u0219tere semnificativ\u0103, cu peste 22 de miliarde de lei \u00een plus comparativ cu anul trecut. Bugetul include, de asemenea, aloc\u0103ri suplimentare pentru cofinan\u021b\u0103ri la diverse ministere, destinate sus\u021binerii proiectelor de investi\u021bii \u0219i m\u0103surilor de stimulare economic\u0103.<\/p>\n<p>\u00cen plus, s-a discutat despre solicitarea Partidului Social Democrat pentru un pachet social. Ministerul Finan\u021belor a propus o sum\u0103 \u201erezonabil\u0103\u201d pentru m\u0103suri punctuale referitoare la pensii, men\u021bin\u00e2ndu-se la un nivel similar cu cel de anul trecut, inclusiv un sprijin pentru persoanele vulnerabile cu pensii sub 2000 de lei. Totu\u0219i, suma solicitat\u0103 ini\u021bial de PSD nu a fost acceptat\u0103 integral din cauza lipsei unor surse bugetare clare. O decizie final\u0103 pe aceast\u0103 tem\u0103 este a\u0219teptat\u0103 miercuri.<\/p>\n","protected":false},"excerpt":{"rendered":"<p>\u00cen cadrul recentei \u0219edin\u021be a Biroului Politic Na\u021bional (BPN), un subiect de maxim\u0103 importan\u021b\u0103 a fost validarea ministrului Educa\u021biei, conform surselor interne. Referitor la situa\u021bia rom\u00e2nilor prinsi \u00een zone de conflict, pre\u0219edintele PNL \u0219i premierul Rom\u00e2niei, Ilie Bolojan, a subliniat esen\u021bialitatea colabor\u0103rii cu companiile aeriene pentru a facilita evacuarea cet\u0103\u021benilor rom\u00e2ni. \u201ePrioritatea noastr\u0103 este s\u0103 [&hellip;]<\/p>\n","protected":false},"author":2,"featured_media":6174,"comment_status":"open","ping_status":"open","sticky":false,"template":"","format":"standard","meta":{"jnews-multi-image_gallery":[],"jnews_single_post":[],"jnews_primary_category":[],"jnews_override_counter":[],"footnotes":""},"categories":[42],"tags":[2387,3761,8790,9021,302,9020,9022,3672],"class_list":["post-6173","post","type-post","status-publish","format-standard","has-post-thumbnail","hentry","category-politica","tag-biroul-politic-national","tag-buget-de-stat","tag-companii-aeriene","tag-evacuarea-romanilor","tag-ilie-bolojan","tag-ministrul-educatiei","tag-solutii-logistice","tag-transporturi"],"_links":{"self":[{"href":"https:\/\/www.newsrecorder.ro\/app\/wp-json\/wp\/v2\/posts\/6173","targetHints":{"allow":["GET"]}}],"collection":[{"href":"https:\/\/www.newsrecorder.ro\/app\/wp-json\/wp\/v2\/posts"}],"about":[{"href":"https:\/\/www.newsrecorder.ro\/app\/wp-json\/wp\/v2\/types\/post"}],"author":[{"embeddable":true,"href":"https:\/\/www.newsrecorder.ro\/app\/wp-json\/wp\/v2\/users\/2"}],"replies":[{"embeddable":true,"href":"https:\/\/www.newsrecorder.ro\/app\/wp-json\/wp\/v2\/comments?post=6173"}],"version-history":[{"count":0,"href":"https:\/\/www.newsrecorder.ro\/app\/wp-json\/wp\/v2\/posts\/6173\/revisions"}],"wp:featuredmedia":[{"embeddable":true,"href":"https:\/\/www.newsrecorder.ro\/app\/wp-json\/wp\/v2\/media\/6174"}],"wp:attachment":[{"href":"https:\/\/www.newsrecorder.ro\/app\/wp-json\/wp\/v2\/media?parent=6173"}],"wp:term":[{"taxonomy":"category","embeddable":true,"href":"https:\/\/www.newsrecorder.ro\/app\/wp-json\/wp\/v2\/categories?post=6173"},{"taxonomy":"post_tag","embeddable":true,"href":"https:\/\/www.newsrecorder.ro\/app\/wp-json\/wp\/v2\/tags?post=6173"}],"curies":[{"name":"wp","href":"https:\/\/api.w.org\/{rel}","templated":true}]}}