{"id":6201,"date":"2026-03-03T02:11:53","date_gmt":"2026-03-03T02:11:53","guid":{"rendered":"https:\/\/www.newsrecorder.ro\/app\/2026\/03\/03\/erdogan-condamna-atacurile-asupra-iranului-incalcare-a-dreptului-international\/"},"modified":"2026-03-03T02:11:53","modified_gmt":"2026-03-03T02:11:53","slug":"erdogan-condamna-atacurile-asupra-iranului-incalcare-a-dreptului-international","status":"publish","type":"post","link":"https:\/\/www.newsrecorder.ro\/app\/2026\/03\/03\/erdogan-condamna-atacurile-asupra-iranului-incalcare-a-dreptului-international\/","title":{"rendered":"Erdogan condamna atacurile asupra Iranului: \u201e\u00cenc\u0103lcare a dreptului interna\u021bional!\u201d"},"content":{"rendered":"<p>Pre\u0219edintele Turciei, Tayyip Erdogan, a condamnat ferm atacurile recente ale Statelor Unite \u0219i Israel asupra Iranului, denun\u021b\u00e2ndu-le ca o \u201e\u00eenc\u0103lcare clar\u0103 a dreptului interna\u021bional\u201d, conform unei informa\u021bii publicate de <a href=\"https:\/\/www.reuters.com\/world\/middle-east\/turkeys-erdogan-says-attacks-iran-are-clear-violation-international-law-2026-03-02\/\">Reuters<\/a>.<\/p>\n<p>Erdogan a subliniat solidaritatea Turciei cu poporul iranian, care resimte impactul tensiunilor regionale crescute. De asemenea, el a \u00eendemnat at\u00e2t Washingtonul, c\u00e2t \u0219i Teheranul s\u0103 caute solu\u021bii prin negocieri, avertiz\u00e2nd c\u0103 continuarea conflictului ar putea duce la destabilizarea \u00eentregii regiuni.<\/p>\n<p>\u00cen cadrul unei cine organizate pentru ruperea postului din Ramadan la Ankara, pre\u0219edintele turc a declarat c\u0103 escaladarea tensiunilor dintre Statele Unite \u0219i Iran a fost agravat\u0103 de provoc\u0103rile din partea Israelului. \u201eCa vecin \u0219i frate al lor, \u00eemp\u0103rt\u0103\u0219im durerea poporului iranian\u201d, a ad\u0103ugat el.<\/p>\n<p>Erdogan a subliniat c\u0103 Turcia va intensifica contactele \u201ela toate nivelurile\u201d pentru a promova diploma\u021bia \u0219i a preveni \u201elupte, r\u0103zboi, tensiuni \u0219i masacre\u201d \u00een vecin\u0103tate. Istoric, rela\u021biile diplomatice dintre Turcia \u0219i Iran au fost semnificative, iar \u00een ciuda divergen\u021belor politice, cele dou\u0103 \u021b\u0103ri au reu\u0219it s\u0103 men\u021bin\u0103 leg\u0103turi comerciale \u0219i colabor\u0103ri \u00een anumite domenii, chiar \u0219i \u00een vremea r\u0103zboiului civil din Siria.<\/p>\n<p>\u201e\u00centreaga noastr\u0103 pozi\u021bie cu privire la atacurile ilegale care vizeaz\u0103 Iranul este \u00een aceast\u0103 linie\u201d, a afirmat Erdogan, subliniind c\u0103 absen\u021ba unei \u201einterven\u021bii necesare\u201d ar putea genera \u201erepercusiuni grave\u201d asupra securit\u0103\u021bii regionale \u0219i globale. Pre\u0219edintele turc a ad\u0103ugat: \u201eNimeni nu poate face fa\u021b\u0103 poverii incertitudinilor economice \u0219i geopolitice pe care o astfel de perioad\u0103 le va provoca. Acesta este motivul pentru care acest incendiu trebuie stins \u00eenainte de a se mai intensifica.\u201d<\/p>\n","protected":false},"excerpt":{"rendered":"<p>Pre\u0219edintele Turciei, Tayyip Erdogan, a condamnat ferm atacurile recente ale Statelor Unite \u0219i Israel asupra Iranului, denun\u021b\u00e2ndu-le ca o \u201e\u00eenc\u0103lcare clar\u0103 a dreptului interna\u021bional\u201d, conform unei informa\u021bii publicate de Reuters. Erdogan a subliniat solidaritatea Turciei cu poporul iranian, care resimte impactul tensiunilor regionale crescute. De asemenea, el a \u00eendemnat at\u00e2t Washingtonul, c\u00e2t \u0219i Teheranul s\u0103 [&hellip;]<\/p>\n","protected":false},"author":2,"featured_media":6202,"comment_status":"open","ping_status":"open","sticky":false,"template":"","format":"standard","meta":{"jnews-multi-image_gallery":[],"jnews_single_post":[],"jnews_primary_category":[],"jnews_override_counter":[],"footnotes":""},"categories":[41],"tags":[1747,7471,2838,913,268,680,2069,2412],"class_list":["post-6201","post","type-post","status-publish","format-standard","has-post-thumbnail","hentry","category-externe","tag-diplomatie","tag-drept-international","tag-erdogan","tag-iran","tag-israel","tag-statele-unite","tag-tensiuni-regionale","tag-turcia"],"_links":{"self":[{"href":"https:\/\/www.newsrecorder.ro\/app\/wp-json\/wp\/v2\/posts\/6201","targetHints":{"allow":["GET"]}}],"collection":[{"href":"https:\/\/www.newsrecorder.ro\/app\/wp-json\/wp\/v2\/posts"}],"about":[{"href":"https:\/\/www.newsrecorder.ro\/app\/wp-json\/wp\/v2\/types\/post"}],"author":[{"embeddable":true,"href":"https:\/\/www.newsrecorder.ro\/app\/wp-json\/wp\/v2\/users\/2"}],"replies":[{"embeddable":true,"href":"https:\/\/www.newsrecorder.ro\/app\/wp-json\/wp\/v2\/comments?post=6201"}],"version-history":[{"count":0,"href":"https:\/\/www.newsrecorder.ro\/app\/wp-json\/wp\/v2\/posts\/6201\/revisions"}],"wp:featuredmedia":[{"embeddable":true,"href":"https:\/\/www.newsrecorder.ro\/app\/wp-json\/wp\/v2\/media\/6202"}],"wp:attachment":[{"href":"https:\/\/www.newsrecorder.ro\/app\/wp-json\/wp\/v2\/media?parent=6201"}],"wp:term":[{"taxonomy":"category","embeddable":true,"href":"https:\/\/www.newsrecorder.ro\/app\/wp-json\/wp\/v2\/categories?post=6201"},{"taxonomy":"post_tag","embeddable":true,"href":"https:\/\/www.newsrecorder.ro\/app\/wp-json\/wp\/v2\/tags?post=6201"}],"curies":[{"name":"wp","href":"https:\/\/api.w.org\/{rel}","templated":true}]}}