{"id":625,"date":"2026-01-27T07:00:28","date_gmt":"2026-01-27T07:00:28","guid":{"rendered":"https:\/\/www.newsrecorder.ro\/app\/2026\/01\/27\/zverev-straluceste-la-australian-open-calificare-in-semifinale-dupa-victoria-cu-tien\/"},"modified":"2026-01-27T07:00:28","modified_gmt":"2026-01-27T07:00:28","slug":"zverev-straluceste-la-australian-open-calificare-in-semifinale-dupa-victoria-cu-tien","status":"publish","type":"post","link":"https:\/\/www.newsrecorder.ro\/app\/2026\/01\/27\/zverev-straluceste-la-australian-open-calificare-in-semifinale-dupa-victoria-cu-tien\/","title":{"rendered":"Zverev str\u0103luce\u0219te la Australian Open: Calificare \u00een semifinale dup\u0103 victoria cu Tien!"},"content":{"rendered":"<p>Alexander Zverev, juc\u0103torul german \u0219i cap de serie num\u0103rul 3, continu\u0103 s\u0103 \u00ee\u0219i impresioneze fanii la Australian Open, ajung\u00e2nd la a treia semifinal\u0103 consecutiv\u0103 \u00een cadrul acestui Grand Slam, marc\u00e2nd astfel \u0219i a zecea semifinal\u0103 din cariera sa.<\/p>\n<p>Meciul a fost disputat \u00een condi\u021bii extreme de c\u0103ldur\u0103, cu temperaturi ce au dep\u0103\u0219it 40 \u00b0C. Organizatorii au decis s\u0103 \u00eenchid\u0103 acoperi\u0219ul arenei \u0219i s\u0103 introduc\u0103 pauze de r\u0103corire pentru a proteja juc\u0103torii de c\u0103ldura intens\u0103.<\/p>\n<p>\u00cen aceste circumstan\u021be dificile, Zverev a demonstrat o form\u0103 excelent\u0103, baz\u00e2ndu-se pe un serviciu puternic \u0219i constant, reu\u0219ind nu mai pu\u021bin de 24 de a\u0219i. De asemenea, el a salvat cu succes toate cele trei mingi de break, inclusiv o minge de set \u00een tie-break-ul decisiv.<\/p>\n<p>Adversarul s\u0103u, Tien, care a surprins publicul prin victoria sa \u00eempotriva lui Daniil Medvedev \u00een turul anterior, a reu\u0219it s\u0103 creeze dificult\u0103\u021bi pentru Zverev \u00een setul al doilea, c\u00e2\u0219tig\u00e2nd tie-break-ul dup\u0103 ce a fost condus cu 3-5.<\/p>\n<p>Cu toate acestea, \u00een setul al treilea, Zverev a reu\u0219it s\u0103 \u00ee\u0219i regleze jocul \u0219i s\u0103 impun\u0103 un ritm confortabil, \u00eencheind setul cu un clar 6-1.<\/p>\n<p>Americanul Tien a ar\u0103tat precizie \u0219i mobilitate pe teren, beneficiind de lungimea \u0219i l\u0103\u021bimea raliurilor. Totu\u0219i, avantajul constant al serviciului lui Zverev i-a permis acestuia din urm\u0103 s\u0103 controleze majoritatea schimburilor de mingi.<\/p>\n<p>Cu aceast\u0103 victorie, Zverev \u00ee\u0219i p\u0103streaz\u0103 \u0219ansele de a ajunge pentru a doua oar\u0103 consecutiv \u00een finala Australian Open. \u00cen semifinale, el se va confrunta cu c\u00e2\u0219tig\u0103torul meciului dintre liderul mondial Carlos Alcaraz \u0219i australianul Alex de Minaur.<\/p>\n","protected":false},"excerpt":{"rendered":"<p>Alexander Zverev, juc\u0103torul german \u0219i cap de serie num\u0103rul 3, continu\u0103 s\u0103 \u00ee\u0219i impresioneze fanii la Australian Open, ajung\u00e2nd la a treia semifinal\u0103 consecutiv\u0103 \u00een cadrul acestui Grand Slam, marc\u00e2nd astfel \u0219i a zecea semifinal\u0103 din cariera sa. Meciul a fost disputat \u00een condi\u021bii extreme de c\u0103ldur\u0103, cu temperaturi ce au dep\u0103\u0219it 40 \u00b0C. Organizatorii [&hellip;]<\/p>\n","protected":false},"author":6,"featured_media":626,"comment_status":"open","ping_status":"open","sticky":false,"template":"","format":"standard","meta":{"jnews-multi-image_gallery":[],"jnews_single_post":[],"jnews_primary_category":[],"jnews_override_counter":[],"footnotes":""},"categories":[46],"tags":[1101,66,148,57,1102,1100,69,105],"class_list":["post-625","post","type-post","status-publish","format-standard","has-post-thumbnail","hentry","category-sport","tag-asi","tag-australian-open","tag-caldura","tag-meci","tag-pauze-de-racorire","tag-semifinala","tag-tenis","tag-zverev"],"_links":{"self":[{"href":"https:\/\/www.newsrecorder.ro\/app\/wp-json\/wp\/v2\/posts\/625","targetHints":{"allow":["GET"]}}],"collection":[{"href":"https:\/\/www.newsrecorder.ro\/app\/wp-json\/wp\/v2\/posts"}],"about":[{"href":"https:\/\/www.newsrecorder.ro\/app\/wp-json\/wp\/v2\/types\/post"}],"author":[{"embeddable":true,"href":"https:\/\/www.newsrecorder.ro\/app\/wp-json\/wp\/v2\/users\/6"}],"replies":[{"embeddable":true,"href":"https:\/\/www.newsrecorder.ro\/app\/wp-json\/wp\/v2\/comments?post=625"}],"version-history":[{"count":0,"href":"https:\/\/www.newsrecorder.ro\/app\/wp-json\/wp\/v2\/posts\/625\/revisions"}],"wp:featuredmedia":[{"embeddable":true,"href":"https:\/\/www.newsrecorder.ro\/app\/wp-json\/wp\/v2\/media\/626"}],"wp:attachment":[{"href":"https:\/\/www.newsrecorder.ro\/app\/wp-json\/wp\/v2\/media?parent=625"}],"wp:term":[{"taxonomy":"category","embeddable":true,"href":"https:\/\/www.newsrecorder.ro\/app\/wp-json\/wp\/v2\/categories?post=625"},{"taxonomy":"post_tag","embeddable":true,"href":"https:\/\/www.newsrecorder.ro\/app\/wp-json\/wp\/v2\/tags?post=625"}],"curies":[{"name":"wp","href":"https:\/\/api.w.org\/{rel}","templated":true}]}}