{"id":633,"date":"2026-01-27T07:02:24","date_gmt":"2026-01-27T07:02:24","guid":{"rendered":"https:\/\/www.newsrecorder.ro\/app\/2026\/01\/27\/fostul-sef-fifa-si-vedete-internationale-cer-boicotul-cupei-mondiale-2026\/"},"modified":"2026-01-27T07:02:24","modified_gmt":"2026-01-27T07:02:24","slug":"fostul-sef-fifa-si-vedete-internationale-cer-boicotul-cupei-mondiale-2026","status":"publish","type":"post","link":"https:\/\/www.newsrecorder.ro\/app\/2026\/01\/27\/fostul-sef-fifa-si-vedete-internationale-cer-boicotul-cupei-mondiale-2026\/","title":{"rendered":"Fostul \u0219ef FIFA \u0219i vedete interna\u021bionale cer boicotul Cupei Mondiale 2026!"},"content":{"rendered":"<p><strong>Sepp Blatter, fostul pre\u0219edinte FIFA, a transmis un mesaj inedit pentru comunitatea fotbalistic\u0103 global\u0103:<\/strong> el \u00eendeamn\u0103 suporterii s\u0103 evite c\u0103l\u0103toriile \u00een Statele Unite \u00een timpul Cupei Mondiale din 2026. Blatter a aderat la opinia avocatului elve\u021bian Mark Pieth, care a subliniat c\u0103 recentele evenimente din SUA, inclusiv ac\u021biunile autorit\u0103\u021bilor de imigrare, creeaz\u0103 un climat care descurajeaz\u0103 fanii interna\u021bionali s\u0103 participe la acest turneu de anvergur\u0103, conform unui articol publicat de <a href=\"https:\/\/www.bloomberg.com\/news\/articles\/2026-01-26\/calls-for-world-cup-boycott-increase-after-us-europe-tensions\" target=\"_blank\" rel=\"noopener\">Bloomberg<\/a>.<\/p>\n<p>Pieth a adus \u00een discu\u021bie incidente grave, precum uciderea unei protestatare de c\u0103tre un agent de imigra\u021bie american la Minneapolis, precum \u0219i alte situa\u021bii care ridic\u0103 semne de \u00eentrebare privind siguran\u021ba participan\u021bilor. \u00cen acest context, Blatter a reafirmat ideea c\u0103 fanii \u201car putea vedea mai bine turneul de la televizor\u201d, suger\u00e2nd c\u0103 mediul din Statele Unite ar putea fi considerat problematic pentru cei care doresc s\u0103 asiste live.<\/p>\n<p>Apelurile la boicot nu sunt unice pentru Blatter. <strong>Un vicepre\u0219edinte al Federa\u021biei Germane de Fotbal a declarat c\u0103 este momentul s\u0103 se discute serios despre boicot, \u00een lumina tensiunilor diplomatice dintre SUA \u0219i mai multe na\u021biuni europene<\/strong>, tensiuni ce deriv\u0103 din dispute politice precum interesul pentru Groenlanda \u0219i tarifele comerciale impuse.<\/p>\n<p><strong>\u00cen ceea ce prive\u0219te anularea biletelor,<\/strong> pe re\u021belele sociale \u0219i \u00een comunit\u0103\u021bile de suporteri se discut\u0103 despre aproximativ 16.800 de fani care ar fi renun\u021bat la biletele pentru Cupa Mondial\u0103 2026, \u00een semn de protest fa\u021b\u0103 de ac\u021biunile guvernului american.<\/p>\n<p>De\u0219i aceste anul\u0103ri sunt interpretate de unii ca un semn de nemul\u021bumire fa\u021b\u0103 de climatul politic actual, ele reprezint\u0103 o propor\u021bie foarte mic\u0103 din totalul cererilor de bilete primite de FIFA.<\/p>\n<p>Federa\u021bia Interna\u021bional\u0103 de Fotbal a <strong>confirmat c\u0103 unele solicit\u0103ri de bilete au fost retrase, dar a subliniat c\u0103 v\u00e2nz\u0103rile generale continu\u0103 s\u0103 fie puternice, cu milioane de bilete deja v\u00e2ndute<\/strong> pentru competi\u021bie, f\u0103r\u0103 a observa un impact semnificativ asupra cererii globale.<\/p>\n<p>Discu\u021biile despre boicot \u0219i criticile legate de siguran\u021b\u0103 \u0219i politicile de imigra\u021bie din SUA reflect\u0103 o tensiune mai ampl\u0103 \u00eentre lumea sportului \u0219i realit\u0103\u021bile politice globale din 2026. Pentru unii suporteri, aceste mesaje sunt un semnal de alarm\u0103 cu privire la percep\u021bia asupra mediului \u00een care va avea loc competi\u021bia, mai ales \u00eentr-un context interna\u021bional marcat de tensiuni politice.<\/p>\n<p>Cu toate acestea, mul\u021bi oficiali ai fotbalului \u0219i majoritatea suporterilor r\u0103m\u00e2n optimi\u0219ti, anticip\u00e2nd turneul ca fiind un eveniment sportiv major. La acest moment, boicotul extins pare s\u0103 fie o tem\u0103 de dezbatere \u0219i un simbol al nemul\u021bumirilor exprimate, f\u0103r\u0103 a se contura ca o realitate concret\u0103 ce ar putea afecta desf\u0103\u0219urarea meciurilor.<\/p>\n","protected":false},"excerpt":{"rendered":"<p>Sepp Blatter, fostul pre\u0219edinte FIFA, a transmis un mesaj inedit pentru comunitatea fotbalistic\u0103 global\u0103: el \u00eendeamn\u0103 suporterii s\u0103 evite c\u0103l\u0103toriile \u00een Statele Unite \u00een timpul Cupei Mondiale din 2026. Blatter a aderat la opinia avocatului elve\u021bian Mark Pieth, care a subliniat c\u0103 recentele evenimente din SUA, inclusiv ac\u021biunile autorit\u0103\u021bilor de imigrare, creeaz\u0103 un climat care [&hellip;]<\/p>\n","protected":false},"author":6,"featured_media":634,"comment_status":"open","ping_status":"open","sticky":false,"template":"","format":"standard","meta":{"jnews-multi-image_gallery":[],"jnews_single_post":[],"jnews_primary_category":[],"jnews_override_counter":[],"footnotes":""},"categories":[46],"tags":[1119,1117,1116,1115,1114,1118,680,986],"class_list":["post-633","post","type-post","status-publish","format-standard","has-post-thumbnail","hentry","category-sport","tag-boicot","tag-calatorii","tag-cupa-mondiala-2026","tag-fifa","tag-sepp-blatter","tag-siguranta","tag-statele-unite","tag-suporterii"],"_links":{"self":[{"href":"https:\/\/www.newsrecorder.ro\/app\/wp-json\/wp\/v2\/posts\/633","targetHints":{"allow":["GET"]}}],"collection":[{"href":"https:\/\/www.newsrecorder.ro\/app\/wp-json\/wp\/v2\/posts"}],"about":[{"href":"https:\/\/www.newsrecorder.ro\/app\/wp-json\/wp\/v2\/types\/post"}],"author":[{"embeddable":true,"href":"https:\/\/www.newsrecorder.ro\/app\/wp-json\/wp\/v2\/users\/6"}],"replies":[{"embeddable":true,"href":"https:\/\/www.newsrecorder.ro\/app\/wp-json\/wp\/v2\/comments?post=633"}],"version-history":[{"count":0,"href":"https:\/\/www.newsrecorder.ro\/app\/wp-json\/wp\/v2\/posts\/633\/revisions"}],"wp:featuredmedia":[{"embeddable":true,"href":"https:\/\/www.newsrecorder.ro\/app\/wp-json\/wp\/v2\/media\/634"}],"wp:attachment":[{"href":"https:\/\/www.newsrecorder.ro\/app\/wp-json\/wp\/v2\/media?parent=633"}],"wp:term":[{"taxonomy":"category","embeddable":true,"href":"https:\/\/www.newsrecorder.ro\/app\/wp-json\/wp\/v2\/categories?post=633"},{"taxonomy":"post_tag","embeddable":true,"href":"https:\/\/www.newsrecorder.ro\/app\/wp-json\/wp\/v2\/tags?post=633"}],"curies":[{"name":"wp","href":"https:\/\/api.w.org\/{rel}","templated":true}]}}