{"id":6337,"date":"2026-03-03T19:11:00","date_gmt":"2026-03-03T19:11:00","guid":{"rendered":"https:\/\/www.newsrecorder.ro\/app\/2026\/03\/03\/ninsori-puternice-in-suceava-cod-galben-de-vant-in-moldova-miercuri\/"},"modified":"2026-03-03T19:11:00","modified_gmt":"2026-03-03T19:11:00","slug":"ninsori-puternice-in-suceava-cod-galben-de-vant-in-moldova-miercuri","status":"publish","type":"post","link":"https:\/\/www.newsrecorder.ro\/app\/2026\/03\/03\/ninsori-puternice-in-suceava-cod-galben-de-vant-in-moldova-miercuri\/","title":{"rendered":"Ninsori puternice \u00een Suceava! Cod galben de v\u00e2nt \u00een Moldova, miercuri"},"content":{"rendered":"<p style=\"text-align: left\">\u00cen regiunile montane, z\u0103pada acumulat\u0103 pe drumuri a necesitat ac\u021biuni rapide din partea echipelor de desz\u0103pezire. Conform informa\u021biilor furnizate de <a href=\"https:\/\/www.facebook.com\/share\/r\/1AqnMmPB1A\/\" target=\"_blank\" rel=\"noopener\">Direc\u021bia Regional\u0103 de Drumuri \u0219i Poduri Ia\u0219i<\/a>, jude\u021bul Suceava s-a confruntat cu ninsori abundente, iar circula\u021bia s-a desf\u0103\u0219urat \u00een condi\u021bii specifice de iarn\u0103. Echipele din cadrul Sec\u021biei Drumuri Na\u021bionale C\u00e2mpulung Moldovenesc au intervenit prompt pe sectoarele afectate, \u00eempr\u0103\u0219tiind material antiderapant \u0219i cur\u0103\u021b\u00e2nd z\u0103pada de pe carosabil.<\/p>\n<p style=\"text-align: left\">\u00cen Pasul Palma, pe DN 17A, unde viscolul genereaz\u0103 adesea troiene, utilajele de desz\u0103pezire au lucrat constant pentru a men\u021bine drumul curat \u0219i sigur pentru \u0219oferi. Reprezentan\u021bii DRDP Ia\u0219i au subliniat c\u0103 \u201etraficul pe acest sector se desf\u0103\u0219oar\u0103 \u00een condi\u021bii de iarn\u0103, cu ninsori abundente\u201d, \u00eendemn\u00e2ndu-i pe conduc\u0103torii auto s\u0103 circule cu pruden\u021b\u0103.<\/p>\n<p style=\"text-align: left\">Pe parcursul zilei, echipele au continuat s\u0103 intervin\u0103 pe drumurile na\u021bionale din zona montan\u0103 a jude\u021bului. Drumarii au men\u021bionat c\u0103 \u201epe anumite sectoare se circul\u0103 cu dificultate, carosabilul fiind umed \u0219i acoperit cu z\u0103pad\u0103 fr\u0103m\u00e2ntat\u0103, tratat\u0103 cu material antiderapant\u201d.<\/p>\n<p style=\"text-align: left\">Meteorologii au emis alerte de vreme sever\u0103 pentru regiunea Moldovei, anun\u021b\u00e2nd viscol puternic, z\u0103pad\u0103 troienit\u0103 \u0219i vizibilitate sc\u0103zut\u0103 \u00een zonele montane. \u00cencep\u00e2nd de miercuri diminea\u021b\u0103, va intra \u00een vigoare un nou cod galben, valabil pe 25 februarie, \u00eentre orele 10.00 \u0219i 20.00, ce vizeaz\u0103 intensificarea v\u00e2ntului.<\/p>\n<p style=\"text-align: left\">Avertizarea se aplic\u0103 \u00een cea mai mare parte a Moldovei, precum \u0219i \u00een localit\u0103\u021bi din Transilvania, vestul \u0219i sud-vestul Olteniei \u0219i nordul Dobrogei, unde viteza v\u00e2ntului poate ajunge la 50\u201370 km\/h.<\/p>\n<p style=\"text-align: left\">Autorit\u0103\u021bile din Ia\u0219i recomand\u0103 \u0219oferilor s\u0103 porneasc\u0103 la drum doar dac\u0103 este cu adev\u0103rat necesar, s\u0103 \u00ee\u0219i echipeze corespunz\u0103tor autovehiculele pentru sezonul rece \u0219i s\u0103 adapteze viteza la condi\u021biile de trafic \u00eent\u00e2lnite.<\/p>\n","protected":false},"excerpt":{"rendered":"<p>\u00cen regiunile montane, z\u0103pada acumulat\u0103 pe drumuri a necesitat ac\u021biuni rapide din partea echipelor de desz\u0103pezire. Conform informa\u021biilor furnizate de Direc\u021bia Regional\u0103 de Drumuri \u0219i Poduri Ia\u0219i, jude\u021bul Suceava s-a confruntat cu ninsori abundente, iar circula\u021bia s-a desf\u0103\u0219urat \u00een condi\u021bii specifice de iarn\u0103. Echipele din cadrul Sec\u021biei Drumuri Na\u021bionale C\u00e2mpulung Moldovenesc au intervenit prompt pe [&hellip;]<\/p>\n","protected":false},"author":5,"featured_media":6338,"comment_status":"open","ping_status":"open","sticky":false,"template":"","format":"standard","meta":{"jnews-multi-image_gallery":[],"jnews_single_post":[],"jnews_primary_category":[],"jnews_override_counter":[],"footnotes":""},"categories":[45],"tags":[7861,1150,2239,6653,1113,127,8147,729],"class_list":["post-6337","post","type-post","status-publish","format-standard","has-post-thumbnail","hentry","category-meteo","tag-antiderapant","tag-circulatie","tag-deszapezire","tag-drumuri-nationale","tag-echipe","tag-ninsori","tag-pasul-palma","tag-zapada"],"_links":{"self":[{"href":"https:\/\/www.newsrecorder.ro\/app\/wp-json\/wp\/v2\/posts\/6337","targetHints":{"allow":["GET"]}}],"collection":[{"href":"https:\/\/www.newsrecorder.ro\/app\/wp-json\/wp\/v2\/posts"}],"about":[{"href":"https:\/\/www.newsrecorder.ro\/app\/wp-json\/wp\/v2\/types\/post"}],"author":[{"embeddable":true,"href":"https:\/\/www.newsrecorder.ro\/app\/wp-json\/wp\/v2\/users\/5"}],"replies":[{"embeddable":true,"href":"https:\/\/www.newsrecorder.ro\/app\/wp-json\/wp\/v2\/comments?post=6337"}],"version-history":[{"count":0,"href":"https:\/\/www.newsrecorder.ro\/app\/wp-json\/wp\/v2\/posts\/6337\/revisions"}],"wp:featuredmedia":[{"embeddable":true,"href":"https:\/\/www.newsrecorder.ro\/app\/wp-json\/wp\/v2\/media\/6338"}],"wp:attachment":[{"href":"https:\/\/www.newsrecorder.ro\/app\/wp-json\/wp\/v2\/media?parent=6337"}],"wp:term":[{"taxonomy":"category","embeddable":true,"href":"https:\/\/www.newsrecorder.ro\/app\/wp-json\/wp\/v2\/categories?post=6337"},{"taxonomy":"post_tag","embeddable":true,"href":"https:\/\/www.newsrecorder.ro\/app\/wp-json\/wp\/v2\/tags?post=6337"}],"curies":[{"name":"wp","href":"https:\/\/api.w.org\/{rel}","templated":true}]}}