{"id":637,"date":"2026-01-27T07:02:54","date_gmt":"2026-01-27T07:02:54","guid":{"rendered":"https:\/\/www.newsrecorder.ro\/app\/2026\/01\/27\/cfr-cluj-surprinde-fanii-cu-primul-transfer-al-sezonului-viitor\/"},"modified":"2026-01-27T07:02:54","modified_gmt":"2026-01-27T07:02:54","slug":"cfr-cluj-surprinde-fanii-cu-primul-transfer-al-sezonului-viitor","status":"publish","type":"post","link":"https:\/\/www.newsrecorder.ro\/app\/2026\/01\/27\/cfr-cluj-surprinde-fanii-cu-primul-transfer-al-sezonului-viitor\/","title":{"rendered":"CFR Cluj surprinde fanii cu primul transfer al sezonului viitor!"},"content":{"rendered":"<p>CFR Cluj a f\u0103cut un anun\u021b important luni, dezv\u0103luind c\u0103 Yuval Sade va \u00eembr\u0103ca de la var\u0103 tricoul echipei din Gruia.<\/p>\n<p>Yuval Sade, un mijloca\u0219 de 25 de ani cu dubl\u0103 cet\u0103\u021benie rom\u00e2n\u0103 \u0219i israelian\u0103, joac\u0103 din 2019 pentru Maccabi Netanya, echip\u0103 din \u021bara sa natal\u0103. Aici, el s-a afirmat ca un juc\u0103tor esen\u021bial, acumul\u00e2nd un num\u0103r impresionant de 142 de meciuri p\u00e2n\u0103 \u00een prezent.<\/p>\n<p>Conducerea clubului clujean a subliniat versatilitatea lui Sade, men\u021bion\u00e2nd c\u0103 acesta poate ocupa at\u00e2t pozi\u021bia de mijloca\u0219, c\u00e2t \u0219i cea de funda\u0219 central.<\/p>\n<p>Pe plan interna\u021bional, Yuval a reprezentat Israelul \u00een competi\u021bii la nivelul echipelor U19 \u0219i U21, acumul\u00e2nd experien\u021b\u0103 valoroas\u0103 \u00een cariera sa.<\/p>\n<p>\u00cen aceea\u0219i zi, CFR Cluj a anun\u021bat \u0219i revenirea lui Rion Zejnullahu. Funda\u0219ul lateral de 22 de ani se \u00eentoarce \u00een Gruia dup\u0103 o perioad\u0103 \u00een care a jucat pentru clubul kosovar KF Llapi.<\/p>\n","protected":false},"excerpt":{"rendered":"<p>CFR Cluj a f\u0103cut un anun\u021b important luni, dezv\u0103luind c\u0103 Yuval Sade va \u00eembr\u0103ca de la var\u0103 tricoul echipei din Gruia. Yuval Sade, un mijloca\u0219 de 25 de ani cu dubl\u0103 cet\u0103\u021benie rom\u00e2n\u0103 \u0219i israelian\u0103, joac\u0103 din 2019 pentru Maccabi Netanya, echip\u0103 din \u021bara sa natal\u0103. Aici, el s-a afirmat ca un juc\u0103tor esen\u021bial, acumul\u00e2nd [&hellip;]<\/p>\n","protected":false},"author":6,"featured_media":638,"comment_status":"open","ping_status":"open","sticky":false,"template":"","format":"standard","meta":{"jnews-multi-image_gallery":[],"jnews_single_post":[],"jnews_primary_category":[],"jnews_override_counter":[],"footnotes":""},"categories":[46],"tags":[981,1130,89,1128,1129,1127,1131,1126],"class_list":["post-637","post","type-post","status-publish","format-standard","has-post-thumbnail","hentry","category-sport","tag-cfr-cluj","tag-echipe-u19","tag-fotbal","tag-fundas-central","tag-maccabi-netanya","tag-mijlocas","tag-rion-zejnullahu","tag-yuval-sade"],"_links":{"self":[{"href":"https:\/\/www.newsrecorder.ro\/app\/wp-json\/wp\/v2\/posts\/637","targetHints":{"allow":["GET"]}}],"collection":[{"href":"https:\/\/www.newsrecorder.ro\/app\/wp-json\/wp\/v2\/posts"}],"about":[{"href":"https:\/\/www.newsrecorder.ro\/app\/wp-json\/wp\/v2\/types\/post"}],"author":[{"embeddable":true,"href":"https:\/\/www.newsrecorder.ro\/app\/wp-json\/wp\/v2\/users\/6"}],"replies":[{"embeddable":true,"href":"https:\/\/www.newsrecorder.ro\/app\/wp-json\/wp\/v2\/comments?post=637"}],"version-history":[{"count":0,"href":"https:\/\/www.newsrecorder.ro\/app\/wp-json\/wp\/v2\/posts\/637\/revisions"}],"wp:featuredmedia":[{"embeddable":true,"href":"https:\/\/www.newsrecorder.ro\/app\/wp-json\/wp\/v2\/media\/638"}],"wp:attachment":[{"href":"https:\/\/www.newsrecorder.ro\/app\/wp-json\/wp\/v2\/media?parent=637"}],"wp:term":[{"taxonomy":"category","embeddable":true,"href":"https:\/\/www.newsrecorder.ro\/app\/wp-json\/wp\/v2\/categories?post=637"},{"taxonomy":"post_tag","embeddable":true,"href":"https:\/\/www.newsrecorder.ro\/app\/wp-json\/wp\/v2\/tags?post=637"}],"curies":[{"name":"wp","href":"https:\/\/api.w.org\/{rel}","templated":true}]}}