{"id":6375,"date":"2026-03-04T02:07:48","date_gmt":"2026-03-04T02:07:48","guid":{"rendered":"https:\/\/www.newsrecorder.ro\/app\/2026\/03\/04\/control-la-muzeul-george-enescu-ministrul-culturii-investigheaza-sesizarile\/"},"modified":"2026-03-04T02:07:48","modified_gmt":"2026-03-04T02:07:48","slug":"control-la-muzeul-george-enescu-ministrul-culturii-investigheaza-sesizarile","status":"publish","type":"post","link":"https:\/\/www.newsrecorder.ro\/app\/2026\/03\/04\/control-la-muzeul-george-enescu-ministrul-culturii-investigheaza-sesizarile\/","title":{"rendered":"Control la Muzeul \u201eGeorge Enescu\u201d: Ministrul Culturii investigheaz\u0103 sesiz\u0103rile!"},"content":{"rendered":"<p>Recent, a fost luat\u0103 o decizie important\u0103 ca urmare a sesiz\u0103rilor ap\u0103rute \u00een spa\u021biul public.<\/p>\n<p>Aceste sesiz\u0103ri se refer\u0103 la modul \u00een care sunt conservate manuscrisele lui George Enescu, al\u0103turi de alte bunuri de patrimoniu clasificate ca Tezaur. Problemele au fost semnalate \u00een contextul lucr\u0103rilor de renovare desf\u0103\u0219urate \u00een aceste loca\u021bii.<\/p>\n<p>O comisie specializat\u0103 va efectua o verificare am\u0103nun\u021bit\u0103 a aspectelor semnalate. Aceasta va analiza condi\u021biile de conservare pe durata renov\u0103rii, dar va evalua \u0219i modul de gestionare a bunurilor culturale \u00een cauz\u0103.<\/p>\n<p>Ministrul Culturii a declarat c\u0103 verific\u0103rile pot fi extinse pentru a include toate elementele considerate relevante. Scopul principal al acestui control este protejarea patrimoniului cultural na\u021bional.<\/p>\n<p>\u00cen mesajul s\u0103u, ministrul a mul\u021bumit jurnali\u0219tilor pentru eforturile lor de a semnala posibile nereguli, subliniind importan\u021ba acestor demersuri \u00een protejarea patrimoniului cultural.<\/p>\n<p>De asemenea, ministrul \u0219i-a exprimat speran\u021ba pentru o colaborare deschis\u0103 pe \u00eentreaga durat\u0103 a controlului. Institu\u021bia vizat\u0103 este a\u0219teptat\u0103 s\u0103 demonstreze responsabilitate \u00een gestionarea bunurilor de patrimoniu.<\/p>\n","protected":false},"excerpt":{"rendered":"<p>Recent, a fost luat\u0103 o decizie important\u0103 ca urmare a sesiz\u0103rilor ap\u0103rute \u00een spa\u021biul public. Aceste sesiz\u0103ri se refer\u0103 la modul \u00een care sunt conservate manuscrisele lui George Enescu, al\u0103turi de alte bunuri de patrimoniu clasificate ca Tezaur. Problemele au fost semnalate \u00een contextul lucr\u0103rilor de renovare desf\u0103\u0219urate \u00een aceste loca\u021bii. O comisie specializat\u0103 va [&hellip;]<\/p>\n","protected":false},"author":7,"featured_media":6376,"comment_status":"open","ping_status":"open","sticky":false,"template":"","format":"standard","meta":{"jnews-multi-image_gallery":[],"jnews_single_post":[],"jnews_primary_category":[],"jnews_override_counter":[],"footnotes":""},"categories":[43],"tags":[1739,9263,9261,9262,1009,2369,4256,2535],"class_list":["post-6375","post","type-post","status-publish","format-standard","has-post-thumbnail","hentry","category-cultura","tag-bunuri-culturale","tag-comisie-specializata","tag-conservare-manuscrise","tag-george-enescu","tag-patrimoniu-cultural","tag-renovare","tag-tezaur","tag-verificare"],"_links":{"self":[{"href":"https:\/\/www.newsrecorder.ro\/app\/wp-json\/wp\/v2\/posts\/6375","targetHints":{"allow":["GET"]}}],"collection":[{"href":"https:\/\/www.newsrecorder.ro\/app\/wp-json\/wp\/v2\/posts"}],"about":[{"href":"https:\/\/www.newsrecorder.ro\/app\/wp-json\/wp\/v2\/types\/post"}],"author":[{"embeddable":true,"href":"https:\/\/www.newsrecorder.ro\/app\/wp-json\/wp\/v2\/users\/7"}],"replies":[{"embeddable":true,"href":"https:\/\/www.newsrecorder.ro\/app\/wp-json\/wp\/v2\/comments?post=6375"}],"version-history":[{"count":0,"href":"https:\/\/www.newsrecorder.ro\/app\/wp-json\/wp\/v2\/posts\/6375\/revisions"}],"wp:featuredmedia":[{"embeddable":true,"href":"https:\/\/www.newsrecorder.ro\/app\/wp-json\/wp\/v2\/media\/6376"}],"wp:attachment":[{"href":"https:\/\/www.newsrecorder.ro\/app\/wp-json\/wp\/v2\/media?parent=6375"}],"wp:term":[{"taxonomy":"category","embeddable":true,"href":"https:\/\/www.newsrecorder.ro\/app\/wp-json\/wp\/v2\/categories?post=6375"},{"taxonomy":"post_tag","embeddable":true,"href":"https:\/\/www.newsrecorder.ro\/app\/wp-json\/wp\/v2\/tags?post=6375"}],"curies":[{"name":"wp","href":"https:\/\/api.w.org\/{rel}","templated":true}]}}