{"id":6385,"date":"2026-03-04T02:09:20","date_gmt":"2026-03-04T02:09:20","guid":{"rendered":"https:\/\/www.newsrecorder.ro\/app\/2026\/03\/04\/nicusor-dan-si-noul-ambasador-al-moldovei-discutii-esentiale\/"},"modified":"2026-03-04T02:09:20","modified_gmt":"2026-03-04T02:09:20","slug":"nicusor-dan-si-noul-ambasador-al-moldovei-discutii-esentiale","status":"publish","type":"post","link":"https:\/\/www.newsrecorder.ro\/app\/2026\/03\/04\/nicusor-dan-si-noul-ambasador-al-moldovei-discutii-esentiale\/","title":{"rendered":"Nicu\u0219or Dan \u0219i noul ambasador al Moldovei: Discu\u021bii esen\u021biale!"},"content":{"rendered":"<p>\u00cen cadrul unei \u00eent\u00e2lniri recente, pre\u0219edintele Nicu\u0219or Dan a avut un dialog constructiv cu ambasadorul Republicii Moldova \u00een Rom\u00e2nia, Mihai M\u00ee\u021bu. Conform Administra\u021biei Preziden\u021biale, pre\u0219edintele a subliniat angajamentul ferm al Rom\u00e2niei fa\u021b\u0103 de Republica Moldova, eviden\u021biind c\u0103 aceasta r\u0103m\u00e2ne o prioritate de top \u00een politica extern\u0103 a \u021b\u0103rii noastre.<\/p>\n<p>Rom\u00e2nia se angajeaz\u0103 s\u0103 ofere un sprijin bilateral consistent pe multiple fronturi, mobiliz\u00e2nd \u00een acela\u0219i timp \u0219i parteneri interna\u021bionali pentru a sus\u021bine acest demers. \u00cen contextul integr\u0103rii europene a Republicii Moldova, pre\u0219edintele Dan a afirmat c\u0103 Rom\u00e2nia va continua s\u0103 sprijine progresele \u00een procesul de aderare \u0219i va oferi asisten\u021b\u0103 tehnic\u0103, inclusiv \u00een ceea ce prive\u0219te transpunerea legisla\u021biei \u0219i integrarea acquis-ului comunitar.<\/p>\n<p>Un aspect esen\u021bial al cooper\u0103rii bilaterale este atragerea de investi\u021bii str\u0103ine \u00een Republica Moldova. De asemenea, cele dou\u0103 \u021b\u0103ri colaboreaz\u0103 pentru dezvoltarea proiectelor de infrastructur\u0103, interconectare \u0219i pentru consolidarea securit\u0103\u021bii \u0219i rezilien\u021bei Moldovei. Aceste ini\u021biative subliniaz\u0103 angajamentul Rom\u00e2niei de a sus\u021bine Republica Moldova \u00een parcursul s\u0103u european \u0219i \u00een dezvoltarea sa economic\u0103.<\/p>\n","protected":false},"excerpt":{"rendered":"<p>\u00cen cadrul unei \u00eent\u00e2lniri recente, pre\u0219edintele Nicu\u0219or Dan a avut un dialog constructiv cu ambasadorul Republicii Moldova \u00een Rom\u00e2nia, Mihai M\u00ee\u021bu. Conform Administra\u021biei Preziden\u021biale, pre\u0219edintele a subliniat angajamentul ferm al Rom\u00e2niei fa\u021b\u0103 de Republica Moldova, eviden\u021biind c\u0103 aceasta r\u0103m\u00e2ne o prioritate de top \u00een politica extern\u0103 a \u021b\u0103rii noastre. Rom\u00e2nia se angajeaz\u0103 s\u0103 ofere un [&hellip;]<\/p>\n","protected":false},"author":2,"featured_media":6386,"comment_status":"open","ping_status":"open","sticky":false,"template":"","format":"standard","meta":{"jnews-multi-image_gallery":[],"jnews_single_post":[],"jnews_primary_category":[],"jnews_override_counter":[],"footnotes":""},"categories":[42],"tags":[4096,4812,7045,8082,286,380,285,149],"class_list":["post-6385","post","type-post","status-publish","format-standard","has-post-thumbnail","hentry","category-politica","tag-asistenta-tehnica","tag-cooperare-bilaterala","tag-integrare-europeana","tag-investitii-straine","tag-nicusor-dan","tag-politica-externa","tag-republica-moldova","tag-romania"],"_links":{"self":[{"href":"https:\/\/www.newsrecorder.ro\/app\/wp-json\/wp\/v2\/posts\/6385","targetHints":{"allow":["GET"]}}],"collection":[{"href":"https:\/\/www.newsrecorder.ro\/app\/wp-json\/wp\/v2\/posts"}],"about":[{"href":"https:\/\/www.newsrecorder.ro\/app\/wp-json\/wp\/v2\/types\/post"}],"author":[{"embeddable":true,"href":"https:\/\/www.newsrecorder.ro\/app\/wp-json\/wp\/v2\/users\/2"}],"replies":[{"embeddable":true,"href":"https:\/\/www.newsrecorder.ro\/app\/wp-json\/wp\/v2\/comments?post=6385"}],"version-history":[{"count":0,"href":"https:\/\/www.newsrecorder.ro\/app\/wp-json\/wp\/v2\/posts\/6385\/revisions"}],"wp:featuredmedia":[{"embeddable":true,"href":"https:\/\/www.newsrecorder.ro\/app\/wp-json\/wp\/v2\/media\/6386"}],"wp:attachment":[{"href":"https:\/\/www.newsrecorder.ro\/app\/wp-json\/wp\/v2\/media?parent=6385"}],"wp:term":[{"taxonomy":"category","embeddable":true,"href":"https:\/\/www.newsrecorder.ro\/app\/wp-json\/wp\/v2\/categories?post=6385"},{"taxonomy":"post_tag","embeddable":true,"href":"https:\/\/www.newsrecorder.ro\/app\/wp-json\/wp\/v2\/tags?post=6385"}],"curies":[{"name":"wp","href":"https:\/\/api.w.org\/{rel}","templated":true}]}}