{"id":6389,"date":"2026-03-04T02:10:03","date_gmt":"2026-03-04T02:10:03","guid":{"rendered":"https:\/\/www.newsrecorder.ro\/app\/2026\/03\/04\/romania-invitata-de-franta-sa-participe-la-scutul-nuclear-european\/"},"modified":"2026-03-04T02:10:03","modified_gmt":"2026-03-04T02:10:03","slug":"romania-invitata-de-franta-sa-participe-la-scutul-nuclear-european","status":"publish","type":"post","link":"https:\/\/www.newsrecorder.ro\/app\/2026\/03\/04\/romania-invitata-de-franta-sa-participe-la-scutul-nuclear-european\/","title":{"rendered":"Rom\u00e2nia, invitat\u0103 de Fran\u021ba s\u0103 participe la \u201escutul nuclear\u201d european!"},"content":{"rendered":"<p>\u00cen cadrul unei conferin\u021be de pres\u0103 sus\u021binute la Var\u0219ovia, Oana \u021aoiu, ministra de Externe a Rom\u00e2niei, a reafirmat importan\u021ba descuraj\u0103rii nucleare, subliniind relevan\u021ba articolului 5 din tratatul NATO. Aceasta a eviden\u021biat c\u0103 fiecare na\u021biune aliat\u0103 contribuie, prin propriile capacit\u0103\u021bi militare, la securitatea colectiv\u0103: \u201eEste esen\u021bial s\u0103 clarific\u0103m c\u0103, prin for\u021ba noastr\u0103 militar\u0103, fiecare dintre noi ac\u021bioneaz\u0103 ca un factor de descurajare pentru securitatea tuturor.\u201d<\/p>\n<p>Referitor la propunerea Fran\u021bei de a discuta despre o \u201eumbrel\u0103 nuclear\u0103\u201d, \u021aoiu a men\u021bionat c\u0103 Rom\u00e2nia a fost invitat\u0103 s\u0103 participe la aceste discu\u021bii. \u201ePartenerii no\u0219tri strategici sunt mereu deschi\u0219i s\u0103 avanseze dialogul legat de securitate \u0219i dezvoltarea economic\u0103, dar ne afl\u0103m \u00eenc\u0103 \u00eentr-un stadiu incipient al detaliilor acestui plan poten\u021bial,\u201d a spus ea. \u00cen contextul feedback-ului Rom\u00e2niei, ministra a subliniat c\u0103 deciziile relevante vor fi luate de Consiliul Na\u021bional de Securitate, prezidat de pre\u0219edinte, care va organiza \u00eent\u00e2lniri importante pe aceast\u0103 tem\u0103 \u00een perioada urm\u0103toare.<\/p>\n<p>Informa\u021biile recente au ap\u0103rut dup\u0103 ce, conform unei reportaj Reuters, Oana \u021aoiu a declarat c\u0103 Fran\u021ba a invitat Rom\u00e2nia s\u0103 devin\u0103 parte din grupul de \u021b\u0103ri ce g\u0103zduiesc elemente ale \u201escutului nuclear\u201d. Aceasta a f\u0103cut aceste declara\u021bii pe parcursul vizitei sale \u00een Polonia, men\u021bion\u00e2nd c\u0103 deciziile definitive vor fi luate de c\u0103tre Consiliul Suprem de Ap\u0103rare a \u021a\u0103rii.<\/p>\n<p>\u00centr-un interviu oferit pentru <a style=\"color: #0000ff\" href=\"https:\/\/tvpworld.com\/91894518\/romania-calls-for-civilian-evacuations-amid-iran-escalation\" target=\"_blank\" rel=\"noopener\">TVP World<\/a>, ministra nu a putut oferi o opinie personal\u0103 despre oportunitatea ca Rom\u00e2nia s\u0103 adere la viitoare acorduri de partajare nuclear\u0103 sau de \u201edescurajare avansat\u0103\u201d. Totu\u0219i, a subliniat c\u0103 astfel de decizii sunt \u00een responsabilitatea institu\u021biilor de securitate de v\u00e2rf \u0219i trebuie s\u0103 reflecte un consens na\u021bional.<\/p>\n<p>Aceste declara\u021bii vin pe fondul anun\u021bului pre\u0219edintelui francez Emmanuel Macron, care a informat c\u0103 Fran\u021ba va permite desf\u0103\u0219urarea temporar\u0103 a aeronavelor sale purt\u0103toare de arme nucleare \u00een \u021b\u0103rile aliate, parte a noii sale strategii nucleare. Macron a specificat c\u0103 noua abordare va include desf\u0103\u0219urarea temporar\u0103 a unor elemente ale for\u021belor aeriene strategice \u00een statele membre, dar a subliniat c\u0103 nu va exista partajarea deciziilor privind utilizarea armelor nucleare cu alte na\u021biuni.<\/p>\n<p>De asemenea, pre\u0219edintele francez a men\u021bionat c\u0103 opt \u021b\u0103ri partenere, printre care Rom\u00e2nia nu a fost specificat\u0103, vor g\u0103zdui \u201efor\u021be aeriene strategice\u201d ale for\u021belor aeriene franceze. Discu\u021biile pentru aceste aranjamente au fost ini\u021biate cu Marea Britanie, Germania, Polonia, \u021a\u0103rile de Jos, Belgia, Grecia, Suedia \u0219i Danemarca.<\/p>\n","protected":false},"excerpt":{"rendered":"<p>\u00cen cadrul unei conferin\u021be de pres\u0103 sus\u021binute la Var\u0219ovia, Oana \u021aoiu, ministra de Externe a Rom\u00e2niei, a reafirmat importan\u021ba descuraj\u0103rii nucleare, subliniind relevan\u021ba articolului 5 din tratatul NATO. Aceasta a eviden\u021biat c\u0103 fiecare na\u021biune aliat\u0103 contribuie, prin propriile capacit\u0103\u021bi militare, la securitatea colectiv\u0103: \u201eEste esen\u021bial s\u0103 clarific\u0103m c\u0103, prin for\u021ba noastr\u0103 militar\u0103, fiecare dintre noi [&hellip;]<\/p>\n","protected":false},"author":2,"featured_media":6390,"comment_status":"open","ping_status":"open","sticky":false,"template":"","format":"standard","meta":{"jnews-multi-image_gallery":[],"jnews_single_post":[],"jnews_primary_category":[],"jnews_override_counter":[],"footnotes":""},"categories":[42],"tags":[4922,352,3115,9276,9273,9274,9275,5915],"class_list":["post-6389","post","type-post","status-publish","format-standard","has-post-thumbnail","hentry","category-politica","tag-descurajare-nucleara","tag-nato","tag-oana-toiu","tag-parteneri-strategici","tag-securitate-colectiva","tag-tratatul-nato","tag-umbra-nucleara","tag-varsovia"],"_links":{"self":[{"href":"https:\/\/www.newsrecorder.ro\/app\/wp-json\/wp\/v2\/posts\/6389","targetHints":{"allow":["GET"]}}],"collection":[{"href":"https:\/\/www.newsrecorder.ro\/app\/wp-json\/wp\/v2\/posts"}],"about":[{"href":"https:\/\/www.newsrecorder.ro\/app\/wp-json\/wp\/v2\/types\/post"}],"author":[{"embeddable":true,"href":"https:\/\/www.newsrecorder.ro\/app\/wp-json\/wp\/v2\/users\/2"}],"replies":[{"embeddable":true,"href":"https:\/\/www.newsrecorder.ro\/app\/wp-json\/wp\/v2\/comments?post=6389"}],"version-history":[{"count":0,"href":"https:\/\/www.newsrecorder.ro\/app\/wp-json\/wp\/v2\/posts\/6389\/revisions"}],"wp:featuredmedia":[{"embeddable":true,"href":"https:\/\/www.newsrecorder.ro\/app\/wp-json\/wp\/v2\/media\/6390"}],"wp:attachment":[{"href":"https:\/\/www.newsrecorder.ro\/app\/wp-json\/wp\/v2\/media?parent=6389"}],"wp:term":[{"taxonomy":"category","embeddable":true,"href":"https:\/\/www.newsrecorder.ro\/app\/wp-json\/wp\/v2\/categories?post=6389"},{"taxonomy":"post_tag","embeddable":true,"href":"https:\/\/www.newsrecorder.ro\/app\/wp-json\/wp\/v2\/tags?post=6389"}],"curies":[{"name":"wp","href":"https:\/\/api.w.org\/{rel}","templated":true}]}}