{"id":6409,"date":"2026-03-04T02:38:48","date_gmt":"2026-03-04T02:38:48","guid":{"rendered":"https:\/\/www.newsrecorder.ro\/app\/2026\/03\/04\/racheta-iraniana-ataca-baza-americana-al-udeid-din-qatar\/"},"modified":"2026-03-04T02:38:48","modified_gmt":"2026-03-04T02:38:48","slug":"racheta-iraniana-ataca-baza-americana-al-udeid-din-qatar","status":"publish","type":"post","link":"https:\/\/www.newsrecorder.ro\/app\/2026\/03\/04\/racheta-iraniana-ataca-baza-americana-al-udeid-din-qatar\/","title":{"rendered":"Rachet\u0103 iranian\u0103 atac\u0103 baza american\u0103 Al-Udeid din Qatar!"},"content":{"rendered":"<p>Mar\u021bi, Qatarul a confirmat c\u0103 teritoriul s\u0103u a fost \u021binta a dou\u0103 rachete lansate din Iran, una dintre acestea impact\u00e2nd baza militar\u0103 american\u0103 Al-Udeid. Acest incident a avut loc \u00een contextul escalad\u0103rii conflictului din Orientul Mijlociu, marcat de ac\u021biunile Statelor Unite \u0219i Israel, care dureaz\u0103 de patru zile.<\/p>\n<p>Conform unui comunicat oficial emis de Ministerul Ap\u0103r\u0103rii din Qatar, \u201esistemele de ap\u0103rare antiaerian\u0103 au interceptat cu succes una dintre rachete, \u00een timp ce a doua a lovit baza Al-Udeid din Qatar, f\u0103r\u0103 a provoca victime.\u201d<\/p>\n<p>\u00cen plus, autorit\u0103\u021bile din Qatar au anun\u021bat c\u0103 au reu\u0219it s\u0103 destructureze dou\u0103 celule de spionaj asociate cu G\u0103rzile Revolu\u021bionare Iraniene, organiza\u021bia militar\u0103 ideologic\u0103 a regimului de la Teheran. \u00cen cadrul acestei ac\u021biuni, zece indivizi suspecta\u021bi de implicare \u00een activit\u0103\u021bi ilegale pe teritoriul qatarez au fost re\u021binu\u021bi.<\/p>\n","protected":false},"excerpt":{"rendered":"<p>Mar\u021bi, Qatarul a confirmat c\u0103 teritoriul s\u0103u a fost \u021binta a dou\u0103 rachete lansate din Iran, una dintre acestea impact\u00e2nd baza militar\u0103 american\u0103 Al-Udeid. Acest incident a avut loc \u00een contextul escalad\u0103rii conflictului din Orientul Mijlociu, marcat de ac\u021biunile Statelor Unite \u0219i Israel, care dureaz\u0103 de patru zile. Conform unui comunicat oficial emis de Ministerul [&hellip;]<\/p>\n","protected":false},"author":2,"featured_media":6410,"comment_status":"open","ping_status":"open","sticky":false,"template":"","format":"standard","meta":{"jnews-multi-image_gallery":[],"jnews_single_post":[],"jnews_primary_category":[],"jnews_override_counter":[],"footnotes":""},"categories":[41],"tags":[9297,2615,9129,9298,913,8626,925,9299],"class_list":["post-6409","post","type-post","status-publish","format-standard","has-post-thumbnail","hentry","category-externe","tag-al-udeid","tag-aparare-antiaeriana","tag-conflict-orientul-mijlociu","tag-garzile-revolutionare","tag-iran","tag-qatar","tag-rachete","tag-spionaj"],"_links":{"self":[{"href":"https:\/\/www.newsrecorder.ro\/app\/wp-json\/wp\/v2\/posts\/6409","targetHints":{"allow":["GET"]}}],"collection":[{"href":"https:\/\/www.newsrecorder.ro\/app\/wp-json\/wp\/v2\/posts"}],"about":[{"href":"https:\/\/www.newsrecorder.ro\/app\/wp-json\/wp\/v2\/types\/post"}],"author":[{"embeddable":true,"href":"https:\/\/www.newsrecorder.ro\/app\/wp-json\/wp\/v2\/users\/2"}],"replies":[{"embeddable":true,"href":"https:\/\/www.newsrecorder.ro\/app\/wp-json\/wp\/v2\/comments?post=6409"}],"version-history":[{"count":0,"href":"https:\/\/www.newsrecorder.ro\/app\/wp-json\/wp\/v2\/posts\/6409\/revisions"}],"wp:featuredmedia":[{"embeddable":true,"href":"https:\/\/www.newsrecorder.ro\/app\/wp-json\/wp\/v2\/media\/6410"}],"wp:attachment":[{"href":"https:\/\/www.newsrecorder.ro\/app\/wp-json\/wp\/v2\/media?parent=6409"}],"wp:term":[{"taxonomy":"category","embeddable":true,"href":"https:\/\/www.newsrecorder.ro\/app\/wp-json\/wp\/v2\/categories?post=6409"},{"taxonomy":"post_tag","embeddable":true,"href":"https:\/\/www.newsrecorder.ro\/app\/wp-json\/wp\/v2\/tags?post=6409"}],"curies":[{"name":"wp","href":"https:\/\/api.w.org\/{rel}","templated":true}]}}