{"id":6415,"date":"2026-03-04T02:39:51","date_gmt":"2026-03-04T02:39:51","guid":{"rendered":"https:\/\/www.newsrecorder.ro\/app\/2026\/03\/04\/fiul-lui-khamenei-mojtaba-ales-lider-suprem-al-iranului-opozitia-reactioneaza\/"},"modified":"2026-03-04T02:39:51","modified_gmt":"2026-03-04T02:39:51","slug":"fiul-lui-khamenei-mojtaba-ales-lider-suprem-al-iranului-opozitia-reactioneaza","status":"publish","type":"post","link":"https:\/\/www.newsrecorder.ro\/app\/2026\/03\/04\/fiul-lui-khamenei-mojtaba-ales-lider-suprem-al-iranului-opozitia-reactioneaza\/","title":{"rendered":"Fiul lui Khamenei, Mojtaba, ales lider suprem al Iranului? Opozi\u021bia reac\u021bioneaz\u0103!"},"content":{"rendered":"<p>Recent, Adunarea Exper\u021bilor din Iran l-a numit pe Mojtaba Khamenei, fiul liderului suprem Ali Khamenei, ca fiind viitorul Lider Suprem al \u021b\u0103rii. Aceast\u0103 decizie a fost influen\u021bat\u0103 de G\u0103rzile Revolu\u021bionare, un organism militar cu un rol politic semnificativ \u00een structurile de conducere iraniene, conform unor surse citate de <a href=\"https:\/\/www.iranintl.com\/en\/liveblog\/202602288143\">Iran International<\/a>.<\/p>\n<p>Sursele au subliniat c\u0103 decizia a fost luat\u0103 \u00eentr-un context marcat de presiuni din partea G\u0103rzii Revolu\u021bionare, eviden\u021biind influen\u021ba considerabil\u0103 pe care aceasta o are \u00een procesul de decizie din Iran.<\/p>\n<p>Mojtaba Khamenei, fiul cel mai t\u00e2n\u0103r al fostului lider suprem, Ali Khamenei, este \u00een stare bun\u0103 de s\u0103n\u0103tate \u0219i se ocup\u0103 de chestiuni importante ale \u021b\u0103rii, a raportat agen\u021bia semi-oficial\u0103 Mehr, citat\u0103 de Xinhua. Acelea\u0219i surse au confirmat c\u0103 Mojtaba este \u00een via\u021b\u0103 \u0219i c\u0103 \u00ee\u0219i \u00eendepline\u0219te responsabilit\u0103\u021bile legate de familia sa, inclusiv de membrii care au fost uci\u0219i, \u0219i analizeaz\u0103 provoc\u0103rile majore cu care se confrunt\u0103 Iranul.<\/p>\n<p>\u00centr-un context mai larg, s\u00e2mb\u0103t\u0103 diminea\u021b\u0103, un atac aerian comun al Statelor Unite \u0219i Israelului a dus la moartea lui Ali Khamenei, \u00eempreun\u0103 cu al\u021bi membri ai familiei sale, comandan\u021bi militari de rang \u00eenalt \u0219i civili. Ca r\u0103spuns, Iranul a lansat mai multe valuri de atacuri cu rachete \u0219i drone asupra Israelului \u0219i a bazelor americane din Orientul Mijlociu.<\/p>\n<p>Ali Khamenei, \u00een v\u00e2rst\u0103 de 86 de ani, a devenit lider suprem al Iranului \u00een 1989, dup\u0103 moartea fondatorului Republicii Islamice, ayatollahul Ruhollah Khomeini. Pe parcursul conducerii sale, el a exercitat un control semnificativ asupra tuturor institu\u021biilor politice, militare \u0219i religioase ale \u021b\u0103rii, influen\u021b\u00e2nd at\u00e2t deciziile interne, c\u00e2t \u0219i politica extern\u0103, conform reportajelor Reuters.<\/p>\n<p>\u00cen urma decesului lui Khamenei, duminic\u0103, clericul Alireza Arafi, care este \u0219i membru al Adun\u0103rii Exper\u021bilor, a fost numit \u00een triunghiul de conducere responsabil cu tranzi\u021bia. Consiliul pentru stabilirea interesului superior al regimului a anun\u021bat pe platforma X c\u0103 l-a ales pe Arafi ca membru al Consiliului de conducere interimar.<\/p>\n<p>Al\u0103turi de Arafi, consiliul include pre\u0219edintele Masoud Pezeshkian \u0219i \u0219eful puterii judiciare Gholamhossein Mohseni Ejei, av\u00e2nd misiunea de a gestiona conducerea Iranului p\u00e2n\u0103 c\u00e2nd Adunarea Exper\u021bilor va alege un lider permanent \u00eentr-un timp c\u00e2t mai scurt.<\/p>\n","protected":false},"excerpt":{"rendered":"<p>Recent, Adunarea Exper\u021bilor din Iran l-a numit pe Mojtaba Khamenei, fiul liderului suprem Ali Khamenei, ca fiind viitorul Lider Suprem al \u021b\u0103rii. Aceast\u0103 decizie a fost influen\u021bat\u0103 de G\u0103rzile Revolu\u021bionare, un organism militar cu un rol politic semnificativ \u00een structurile de conducere iraniene, conform unor surse citate de Iran International. Sursele au subliniat c\u0103 decizia [&hellip;]<\/p>\n","protected":false},"author":2,"featured_media":6416,"comment_status":"open","ping_status":"open","sticky":false,"template":"","format":"standard","meta":{"jnews-multi-image_gallery":[],"jnews_single_post":[],"jnews_primary_category":[],"jnews_override_counter":[],"footnotes":""},"categories":[41],"tags":[4191,186,8679,2841,913,8719,9294,551],"class_list":["post-6415","post","type-post","status-publish","format-standard","has-post-thumbnail","hentry","category-externe","tag-ali-khamenei","tag-decizie","tag-garzi-revolutionare","tag-influenta-politica","tag-iran","tag-lider-suprem","tag-mojtaba-khamenei","tag-sanatate"],"_links":{"self":[{"href":"https:\/\/www.newsrecorder.ro\/app\/wp-json\/wp\/v2\/posts\/6415","targetHints":{"allow":["GET"]}}],"collection":[{"href":"https:\/\/www.newsrecorder.ro\/app\/wp-json\/wp\/v2\/posts"}],"about":[{"href":"https:\/\/www.newsrecorder.ro\/app\/wp-json\/wp\/v2\/types\/post"}],"author":[{"embeddable":true,"href":"https:\/\/www.newsrecorder.ro\/app\/wp-json\/wp\/v2\/users\/2"}],"replies":[{"embeddable":true,"href":"https:\/\/www.newsrecorder.ro\/app\/wp-json\/wp\/v2\/comments?post=6415"}],"version-history":[{"count":0,"href":"https:\/\/www.newsrecorder.ro\/app\/wp-json\/wp\/v2\/posts\/6415\/revisions"}],"wp:featuredmedia":[{"embeddable":true,"href":"https:\/\/www.newsrecorder.ro\/app\/wp-json\/wp\/v2\/media\/6416"}],"wp:attachment":[{"href":"https:\/\/www.newsrecorder.ro\/app\/wp-json\/wp\/v2\/media?parent=6415"}],"wp:term":[{"taxonomy":"category","embeddable":true,"href":"https:\/\/www.newsrecorder.ro\/app\/wp-json\/wp\/v2\/categories?post=6415"},{"taxonomy":"post_tag","embeddable":true,"href":"https:\/\/www.newsrecorder.ro\/app\/wp-json\/wp\/v2\/tags?post=6415"}],"curies":[{"name":"wp","href":"https:\/\/api.w.org\/{rel}","templated":true}]}}