{"id":6431,"date":"2026-03-04T04:09:41","date_gmt":"2026-03-04T04:09:41","guid":{"rendered":"https:\/\/www.newsrecorder.ro\/app\/2026\/03\/04\/statele-unite-ataca-aproape-2-000-de-tinte-in-iran-in-primele-zile-de-conflict\/"},"modified":"2026-03-04T04:09:41","modified_gmt":"2026-03-04T04:09:41","slug":"statele-unite-ataca-aproape-2-000-de-tinte-in-iran-in-primele-zile-de-conflict","status":"publish","type":"post","link":"https:\/\/www.newsrecorder.ro\/app\/2026\/03\/04\/statele-unite-ataca-aproape-2-000-de-tinte-in-iran-in-primele-zile-de-conflict\/","title":{"rendered":"Statele Unite atac\u0103 aproape 2.000 de \u021binte \u00een Iran \u00een primele zile de conflict!"},"content":{"rendered":"<p>\u00centr-un anun\u021b f\u0103cut mar\u021bi, un oficial militar american a dezv\u0103luit c\u0103 Statele Unite au atacat aproape 2.000 de \u021binte de la \u00eenceputul conflictului cu Iranul. Potrivit AFP, amiralul Brad Cooper, \u0219eful Comandamentului militar american pentru Orientul Mijlociu (CENTCOM), a subliniat c\u0103 primele lovituri au fost \u201ede dou\u0103 ori\u201d mai ample dec\u00e2t cele efectuate la \u00eenceputul invaziei Irakului din 2003.<\/p>\n<p>Amiralul Cooper a comparat ac\u021biunile recente cu cele de la \u00eenceputul invaziei din Irak, afirm\u00e2nd c\u0103 atacurile din \u201eprimele 24 de ore\u201d \u00eempotriva Iranului au fost \u201eaproape de dou\u0103 ori mai importante\u201d. Acesta a transmis informa\u021biile \u00eentr-un videoclip postat pe platforma X.<\/p>\n<p>\u201eSuntem \u00een prezent la mai pu\u021bin de 100 de ore de la \u00eenceperea acestei opera\u021biuni \u0219i am lovit deja aproape 2.000 de \u021binte cu peste 2.000 de muni\u021bii\u201d, a ad\u0103ugat Cooper, subliniind intensitatea ac\u021biunilor militare desf\u0103\u0219urate \u00een aceast\u0103 perioad\u0103 scurt\u0103.<\/p>\n","protected":false},"excerpt":{"rendered":"<p>\u00centr-un anun\u021b f\u0103cut mar\u021bi, un oficial militar american a dezv\u0103luit c\u0103 Statele Unite au atacat aproape 2.000 de \u021binte de la \u00eenceputul conflictului cu Iranul. Potrivit AFP, amiralul Brad Cooper, \u0219eful Comandamentului militar american pentru Orientul Mijlociu (CENTCOM), a subliniat c\u0103 primele lovituri au fost \u201ede dou\u0103 ori\u201d mai ample dec\u00e2t cele efectuate la \u00eenceputul [&hellip;]<\/p>\n","protected":false},"author":2,"featured_media":6432,"comment_status":"open","ping_status":"open","sticky":false,"template":"","format":"standard","meta":{"jnews-multi-image_gallery":[],"jnews_single_post":[],"jnews_primary_category":[],"jnews_override_counter":[],"footnotes":""},"categories":[39],"tags":[9325,1084,9060,4050,913,9324,2211,9326],"class_list":["post-6431","post","type-post","status-publish","format-standard","has-post-thumbnail","hentry","category-stirile-zilei","tag-amiralul-cooper","tag-atacuri","tag-centcom","tag-invazie","tag-iran","tag-militare","tag-orientul-mijlociu","tag-tinte"],"_links":{"self":[{"href":"https:\/\/www.newsrecorder.ro\/app\/wp-json\/wp\/v2\/posts\/6431","targetHints":{"allow":["GET"]}}],"collection":[{"href":"https:\/\/www.newsrecorder.ro\/app\/wp-json\/wp\/v2\/posts"}],"about":[{"href":"https:\/\/www.newsrecorder.ro\/app\/wp-json\/wp\/v2\/types\/post"}],"author":[{"embeddable":true,"href":"https:\/\/www.newsrecorder.ro\/app\/wp-json\/wp\/v2\/users\/2"}],"replies":[{"embeddable":true,"href":"https:\/\/www.newsrecorder.ro\/app\/wp-json\/wp\/v2\/comments?post=6431"}],"version-history":[{"count":0,"href":"https:\/\/www.newsrecorder.ro\/app\/wp-json\/wp\/v2\/posts\/6431\/revisions"}],"wp:featuredmedia":[{"embeddable":true,"href":"https:\/\/www.newsrecorder.ro\/app\/wp-json\/wp\/v2\/media\/6432"}],"wp:attachment":[{"href":"https:\/\/www.newsrecorder.ro\/app\/wp-json\/wp\/v2\/media?parent=6431"}],"wp:term":[{"taxonomy":"category","embeddable":true,"href":"https:\/\/www.newsrecorder.ro\/app\/wp-json\/wp\/v2\/categories?post=6431"},{"taxonomy":"post_tag","embeddable":true,"href":"https:\/\/www.newsrecorder.ro\/app\/wp-json\/wp\/v2\/tags?post=6431"}],"curies":[{"name":"wp","href":"https:\/\/api.w.org\/{rel}","templated":true}]}}