{"id":6437,"date":"2026-03-04T14:08:02","date_gmt":"2026-03-04T14:08:02","guid":{"rendered":"https:\/\/www.newsrecorder.ro\/app\/2026\/03\/04\/moartea-lui-eric-dane-cauza-oficiala-dezvaluita\/"},"modified":"2026-03-04T14:08:02","modified_gmt":"2026-03-04T14:08:02","slug":"moartea-lui-eric-dane-cauza-oficiala-dezvaluita","status":"publish","type":"post","link":"https:\/\/www.newsrecorder.ro\/app\/2026\/03\/04\/moartea-lui-eric-dane-cauza-oficiala-dezvaluita\/","title":{"rendered":"Moartea lui Eric Dane: Cauza oficial\u0103 dezv\u0103luit\u0103!"},"content":{"rendered":"<p class=\"font-claude-response-body break-words whitespace-normal leading-[1.7]\">Revista <a href=\"https:\/\/people.com\/\" target=\"_blank\" rel=\"noopener\">People<\/a> a ob\u021binut recent certificatul de deces al actorului Eric Dane, aduc\u00e2nd o claritate trist\u0103 asupra circumstan\u021belor care au dus la dispari\u021bia sa.<\/p>\n<p class=\"font-claude-response-body break-words whitespace-normal leading-[1.7]\">Conform documentului, Eric Dane a decedat din cauza insuficien\u021bei respiratorii, cu scleroza lateral\u0103 amiotrofic\u0103 (SLA) men\u021bionat\u0103 ca o cauz\u0103 asociat\u0103. Actorul a pierdut lupta cu aceast\u0103 boal\u0103 devastatoare la aproape un an dup\u0103 ce a anun\u021bat public diagnosticul s\u0103u.<\/p>\n<p class=\"font-claude-response-body break-words whitespace-normal leading-[1.7]\">SLA este o afec\u021biune degenerativ\u0103 progresiv\u0103 care afecteaz\u0103 celulele nervoase, conduc\u00e2nd, \u00een cele din urm\u0103, la paralizie muscular\u0103 complet\u0103. Din p\u0103cate, nu exist\u0103 un leac pentru aceast\u0103 maladie, de\u0219i exist\u0103 medicamente \u0219i terapii fizice ce pot \u00eencetini progresia bolii.<\/p>\n<p class=\"font-claude-response-body break-words whitespace-normal leading-[1.7]\">\u00cen aprilie 2025, Dane a ales s\u0103 \u00eemp\u0103rt\u0103\u0219easc\u0103 diagnosticul s\u0103u cu publicul, adopt\u00e2nd o atitudine optimist\u0103 \u0219i continu\u00e2nd s\u0103 activeze profesional. El a exprimat dorin\u021ba de a reveni pe platourile de filmare ale serialului \u201eEuphoria\u201d, un proiect care \u00eei era foarte drag.<\/p>\n<p class=\"font-claude-response-body break-words whitespace-normal leading-[1.7]\">\u00cen ianuarie 2026, actorul era programat s\u0103 participe la gala Champions for Cures and Care organizat\u0103 de ALS Network, unde urma s\u0103 primeasc\u0103 un premiu pentru contribu\u021biile sale. Din p\u0103cate, participarea sa a fost anulat\u0103 cu c\u00e2teva ore \u00eenainte de eveniment, din cauza deterior\u0103rii st\u0103rii sale de s\u0103n\u0103tate.<\/p>\n<p class=\"font-claude-response-body break-words whitespace-normal leading-[1.7]\">Dup\u0103 moartea lui, a fost ini\u021biat\u0103 o campanie de str\u00e2ngere de fonduri pentru a sprijini so\u021bia \u0219i fiicele sale, l\u0103s\u00e2nd \u00een urm\u0103 dou\u0103 adolescente: Billie Beatrice, \u00een v\u00e2rst\u0103 de 15 ani, \u0219i Georgia Geraldine, de 13 ani, pe care le avea \u00eempreun\u0103 cu fosta sa so\u021bie, Rebecca Gayheart.<\/p>\n<p class=\"font-claude-response-body break-words whitespace-normal leading-[1.7]\">Familia a declarat c\u0103 ultimele zile ale lui Eric Dane au fost petrecute al\u0103turi de cei apropia\u021bi, \u00eenconjurat de iubire \u0219i sprijin \u00een momentele dificile.<\/p>\n","protected":false},"excerpt":{"rendered":"<p>Revista People a ob\u021binut recent certificatul de deces al actorului Eric Dane, aduc\u00e2nd o claritate trist\u0103 asupra circumstan\u021belor care au dus la dispari\u021bia sa. Conform documentului, Eric Dane a decedat din cauza insuficien\u021bei respiratorii, cu scleroza lateral\u0103 amiotrofic\u0103 (SLA) men\u021bionat\u0103 ca o cauz\u0103 asociat\u0103. Actorul a pierdut lupta cu aceast\u0103 boal\u0103 devastatoare la aproape un [&hellip;]<\/p>\n","protected":false},"author":7,"featured_media":6438,"comment_status":"open","ping_status":"open","sticky":false,"template":"","format":"standard","meta":{"jnews-multi-image_gallery":[],"jnews_single_post":[],"jnews_primary_category":[],"jnews_override_counter":[],"footnotes":""},"categories":[43],"tags":[9332,4875,9330,6805,9331,9333,551,6804],"class_list":["post-6437","post","type-post","status-publish","format-standard","has-post-thumbnail","hentry","category-cultura","tag-boala-degenerativa","tag-deces","tag-eric-dane","tag-euphoria","tag-insuficienta-respiratorie","tag-paralizie-musculara","tag-sanatate","tag-scleroza-laterala-amiotrofica"],"_links":{"self":[{"href":"https:\/\/www.newsrecorder.ro\/app\/wp-json\/wp\/v2\/posts\/6437","targetHints":{"allow":["GET"]}}],"collection":[{"href":"https:\/\/www.newsrecorder.ro\/app\/wp-json\/wp\/v2\/posts"}],"about":[{"href":"https:\/\/www.newsrecorder.ro\/app\/wp-json\/wp\/v2\/types\/post"}],"author":[{"embeddable":true,"href":"https:\/\/www.newsrecorder.ro\/app\/wp-json\/wp\/v2\/users\/7"}],"replies":[{"embeddable":true,"href":"https:\/\/www.newsrecorder.ro\/app\/wp-json\/wp\/v2\/comments?post=6437"}],"version-history":[{"count":0,"href":"https:\/\/www.newsrecorder.ro\/app\/wp-json\/wp\/v2\/posts\/6437\/revisions"}],"wp:featuredmedia":[{"embeddable":true,"href":"https:\/\/www.newsrecorder.ro\/app\/wp-json\/wp\/v2\/media\/6438"}],"wp:attachment":[{"href":"https:\/\/www.newsrecorder.ro\/app\/wp-json\/wp\/v2\/media?parent=6437"}],"wp:term":[{"taxonomy":"category","embeddable":true,"href":"https:\/\/www.newsrecorder.ro\/app\/wp-json\/wp\/v2\/categories?post=6437"},{"taxonomy":"post_tag","embeddable":true,"href":"https:\/\/www.newsrecorder.ro\/app\/wp-json\/wp\/v2\/tags?post=6437"}],"curies":[{"name":"wp","href":"https:\/\/api.w.org\/{rel}","templated":true}]}}