{"id":6445,"date":"2026-03-04T14:09:17","date_gmt":"2026-03-04T14:09:17","guid":{"rendered":"https:\/\/www.newsrecorder.ro\/app\/2026\/03\/04\/nicusor-dan-se-intalneste-cu-liderii-poloniei-ce-se-discuta\/"},"modified":"2026-03-04T14:09:17","modified_gmt":"2026-03-04T14:09:17","slug":"nicusor-dan-se-intalneste-cu-liderii-poloniei-ce-se-discuta","status":"publish","type":"post","link":"https:\/\/www.newsrecorder.ro\/app\/2026\/03\/04\/nicusor-dan-se-intalneste-cu-liderii-poloniei-ce-se-discuta\/","title":{"rendered":"Nicu\u0219or Dan se \u00eent\u00e2lne\u0219te cu liderii Poloniei: Ce se discut\u0103?"},"content":{"rendered":"<p>Pre\u0219edintele Rom\u00e2niei, Nicu\u0219or Dan, va efectua o vizit\u0103 oficial\u0103 la Var\u0219ovia joi, pe 5 martie 2026, la invita\u021bia omologului s\u0103u polonez, Karol Nawrocki. \u00cen cadrul acestei vizite, el se va \u00eent\u00e2lni \u0219i cu premierul Donald Tusk, precum \u0219i cu al\u021bi oficiali importan\u021bi, printre care Mare\u0219alul Seimului, W\u0142odzimierz Czarzasty, \u0219i Mare\u0219alul Senatului, Ma\u0142gorzata Kidawa-B\u0142o\u0144ska. De asemenea, pre\u0219edintele Dan va participa la un eveniment economic organizat de Camera de Comer\u021b \u0219i Industrie Polono-Rom\u00e2n\u0103 (PRBCC), conform unui comunicat emis de Administra\u021bia Preziden\u021bial\u0103.<\/p>\n<p>\u00cen timpul \u00eent\u00e2lnirilor, agenda discu\u021biilor va aborda o serie de teme importante, cu un accent deosebit pe securitatea european\u0103. Administra\u021bia Preziden\u021bial\u0103 a subliniat c\u0103 discu\u021biile vor viza colaborarea dintre Rom\u00e2nia \u0219i Polonia pentru \u00eent\u0103rirea solidarit\u0103\u021bii \u00een cadrul Uniunii Europene \u0219i al NATO, av\u00e2nd ca obiectiv principal consolidarea posturii de descurajare pe Flancul Estic al Alian\u021bei.<\/p>\n<p>Printre alte subiecte de interes care vor fi discutate se num\u0103r\u0103 agenda Consiliului European, procesul de extindere a Uniunii Europene, rela\u021biile transatlantice, sprijinul acordat Ucrainei \u0219i situa\u021bia actual\u0103 din Republica Moldova.<\/p>\n<p>Conform programului publicat pe site-ul Administra\u021biei Preziden\u021biale, Nicu\u0219or Dan va fi primit de Karol Nawrocki la ora 12:00, ora Rom\u00e2niei. \u00cen continuare, la ora 17:30, va avea loc o \u00eentrevedere cu premierul Donald Tusk. Seara, la ora 19:00, pre\u0219edintele Rom\u00e2niei va participa la evenimentul organizat de PRBCC, dedicat Zilei Solidarit\u0103\u021bii Rom\u00e2no-Polone.<\/p>\n","protected":false},"excerpt":{"rendered":"<p>Pre\u0219edintele Rom\u00e2niei, Nicu\u0219or Dan, va efectua o vizit\u0103 oficial\u0103 la Var\u0219ovia joi, pe 5 martie 2026, la invita\u021bia omologului s\u0103u polonez, Karol Nawrocki. \u00cen cadrul acestei vizite, el se va \u00eent\u00e2lni \u0219i cu premierul Donald Tusk, precum \u0219i cu al\u021bi oficiali importan\u021bi, printre care Mare\u0219alul Seimului, W\u0142odzimierz Czarzasty, \u0219i Mare\u0219alul Senatului, Ma\u0142gorzata Kidawa-B\u0142o\u0144ska. De asemenea, [&hellip;]<\/p>\n","protected":false},"author":2,"featured_media":6446,"comment_status":"open","ping_status":"open","sticky":false,"template":"","format":"standard","meta":{"jnews-multi-image_gallery":[],"jnews_single_post":[],"jnews_primary_category":[],"jnews_override_counter":[],"footnotes":""},"categories":[42],"tags":[297,5328,352,286,149,7447,321,5915],"class_list":["post-6445","post","type-post","status-publish","format-standard","has-post-thumbnail","hentry","category-politica","tag-colaborare","tag-karol-nawrocki","tag-nato","tag-nicusor-dan","tag-romania","tag-securitate-europeana","tag-uniunea-europeana","tag-varsovia"],"_links":{"self":[{"href":"https:\/\/www.newsrecorder.ro\/app\/wp-json\/wp\/v2\/posts\/6445","targetHints":{"allow":["GET"]}}],"collection":[{"href":"https:\/\/www.newsrecorder.ro\/app\/wp-json\/wp\/v2\/posts"}],"about":[{"href":"https:\/\/www.newsrecorder.ro\/app\/wp-json\/wp\/v2\/types\/post"}],"author":[{"embeddable":true,"href":"https:\/\/www.newsrecorder.ro\/app\/wp-json\/wp\/v2\/users\/2"}],"replies":[{"embeddable":true,"href":"https:\/\/www.newsrecorder.ro\/app\/wp-json\/wp\/v2\/comments?post=6445"}],"version-history":[{"count":0,"href":"https:\/\/www.newsrecorder.ro\/app\/wp-json\/wp\/v2\/posts\/6445\/revisions"}],"wp:featuredmedia":[{"embeddable":true,"href":"https:\/\/www.newsrecorder.ro\/app\/wp-json\/wp\/v2\/media\/6446"}],"wp:attachment":[{"href":"https:\/\/www.newsrecorder.ro\/app\/wp-json\/wp\/v2\/media?parent=6445"}],"wp:term":[{"taxonomy":"category","embeddable":true,"href":"https:\/\/www.newsrecorder.ro\/app\/wp-json\/wp\/v2\/categories?post=6445"},{"taxonomy":"post_tag","embeddable":true,"href":"https:\/\/www.newsrecorder.ro\/app\/wp-json\/wp\/v2\/tags?post=6445"}],"curies":[{"name":"wp","href":"https:\/\/api.w.org\/{rel}","templated":true}]}}