{"id":6469,"date":"2026-03-04T14:37:43","date_gmt":"2026-03-04T14:37:43","guid":{"rendered":"https:\/\/www.newsrecorder.ro\/app\/2026\/03\/04\/conflict-in-orientul-mijlociu-iran-ataca-turcia-israel-riposteaza-masiv\/"},"modified":"2026-03-04T14:37:43","modified_gmt":"2026-03-04T14:37:43","slug":"conflict-in-orientul-mijlociu-iran-ataca-turcia-israel-riposteaza-masiv","status":"publish","type":"post","link":"https:\/\/www.newsrecorder.ro\/app\/2026\/03\/04\/conflict-in-orientul-mijlociu-iran-ataca-turcia-israel-riposteaza-masiv\/","title":{"rendered":"Conflict \u00een Orientul Mijlociu: Iran atac\u0103 Turcia, Israel riposteaz\u0103 masiv!"},"content":{"rendered":"<p>Generalul Dan Caine, \u0219eful Statului Major Interarme al Statelor Unite, a declarat \u00een cadrul unei conferin\u021be c\u0103 \u00een urma conflictului actual, \u201enum\u0103rul de rachete balistice lansate de Iran a sc\u0103zut cu 86% fa\u021b\u0103 de prima zi de lupt\u0103, cu o sc\u0103dere de 23% doar \u00een ultimele 24 de ore\u201d. De asemenea, el a men\u021bionat c\u0103 atacurile cu drone de atac unidirec\u021bionale din partea Iranului au sc\u0103zut cu 73% comparativ cu primele zile de conflict.<\/p>\n<p>Generalul Caine a subliniat c\u0103 peste 20 de nave ale marinei iraniene au fost distruse, iar Statele Unite inten\u021bioneaz\u0103 s\u0103 extind\u0103 atacurile \u00een interiorul teritoriului iranian. \u201eVom \u00eencepe acum s\u0103 ne extindem \u00een interiorul \u021b\u0103rii, atac\u00e2nd progresiv mai ad\u00e2nc \u00een teritoriul iranian\u201d, a afirmat el.<\/p>\n<p>Pete Hegseth, secretarul Ap\u0103r\u0103rii, a ad\u0103ugat c\u0103 \u201e\u00een mai pu\u021bin de o s\u0103pt\u0103m\u00e2n\u0103, cele mai puternice dou\u0103 for\u021be aeriene din lume vor avea control complet asupra cerului iraniene. Aceasta nu a fost niciodat\u0103 menit\u0103 s\u0103 fie o lupt\u0103 dreapt\u0103 \u0219i nu este o lupt\u0103 dreapt\u0103. \u00cei lovim c\u00e2t timp sunt la p\u0103m\u00e2nt. Vin valuri tot mai mari, noi abia \u00eencepem\u201d.<\/p>\n<p>\u00cen continuare, Hegseth a informat c\u0103 liderii de rang \u00eenalt ai Iranului sunt mor\u021bi, iar consiliul de guvernare care ar putea alege un succesor este de asemenea disp\u0103rut sau ascuns. El a men\u021bionat c\u0103 generalii \u0219i solda\u021bii iranieni nu pot comunica, iar liderul unit\u0103\u021bii care a \u00eencercat s\u0103-l asasineze pe Trump a fost \u201ev\u00e2nat \u0219i ucis\u201d.<\/p>\n<p>De asemenea, Hegseth a adresat un mesaj partenerului de neclintit, Israel, subliniind c\u0103 \u201emisiunea dumneavoastr\u0103 este executat\u0103 cu o pricepere de neegalat \u0219i o hot\u0103r\u00e2re de fier. A lupta um\u0103r la um\u0103r cu un aliat at\u00e2t de capabil este un adev\u0103rat multiplicator de for\u021b\u0103\u201d.<\/p>\n<p>\u00centr-o conferin\u021b\u0103 de pres\u0103 sus\u021binut\u0103 miercuri, Hegseth \u0219i generalul Caine au anun\u021bat c\u0103 un submarin american a torpilat nava de lupt\u0103 principal\u0103 a Marinei Iraniene din Golful Persic, iar Statele Unite au \u00eenceput s\u0103 lanseze atacuri asupra unor zone extinse din teritoriul Iranului. Pentagonul a clarificat c\u0103 nu exist\u0103 planuri de a invoca principiul ap\u0103r\u0103rii colective a NATO \u00een leg\u0103tur\u0103 cu opera\u021biunile \u00eempotriva Iranului.<\/p>\n<p>Conform informa\u021biilor publicate de Axios, Donald Trump \u0219i prim-ministrul israelian Netanyahu au convenit s\u0103 lanseze un atac asupra Iranului, \u00een urma unei convorbiri telefonice. \u00cen acest context, Turcia a prezentat imagini cu o rachet\u0103 balistic\u0103 iranian\u0103 care a fost interceptat\u0103 de NATO \u00een estul Mediteranei, \u00een timp ce centrul de Comer\u021b Maritim al Marii Britanii a intrat \u00een alert\u0103 dup\u0103 ce o nav\u0103 de containere a fost atacat\u0103 \u00een Str\u00e2mtoarea Ormuz.<\/p>\n<p>NATO a condamnat atacurile Iranului asupra Turciei, reafirm\u00e2ndu-\u0219i sprijinul fa\u021b\u0103 de to\u021bi alia\u021bii, inclusiv Turcia, \u0219i men\u021bion\u00e2nd c\u0103 pozi\u021bia sa de descurajare \u0219i ap\u0103rare r\u0103m\u00e2ne puternic\u0103 \u00een toate domeniile, inclusiv \u00een ap\u0103rarea aerian\u0103 \u0219i antirachet\u0103.<\/p>\n<p>\u00cen Iran, bombardamentele masive au dus la o cre\u0219tere a num\u0103rului de victime, care a ajuns la 1.045 de persoane, conform oficialilor iranieni. Acesta reprezint\u0103 num\u0103rul cadavrelor identificate \u0219i preg\u0103tite pentru \u00eenmorm\u00e2ntare, conform Funda\u021biei iraniene pentru martiri \u0219i veterani.<\/p>\n<p>\u00centr-un incident alarmant, o rachet\u0103 balistic\u0103 lansat\u0103 din Iran a fost interceptat\u0103 de NATO \u00eenainte de a ajunge \u00een spa\u021biul aerian turc, iar resturile acesteia au c\u0103zut \u00een provincia Hatay.<\/p>\n<p>\u00centre timp, funeraliile fostului lider iranian, Ali Khamenei, au fost am\u00e2nate, iar atacurile continue din partea Israelului au dus la moartea a \u0219ase persoane \u00een Liban, conform Ministerului S\u0103n\u0103t\u0103\u021bii din \u021bar\u0103. De asemenea, zeci de mii de persoane au fost str\u0103mutate din cauza violen\u021belor recente.<\/p>\n<p>\u00centr-o declara\u021bie recent\u0103, pre\u0219edintele american Donald Trump a afirmat c\u0103 majoritatea instala\u021biilor militare iraniene au fost distruse \u0219i c\u0103 atacurile de miercuri au vizat conducerea iranian\u0103. De asemenea, el a negat c\u0103 ar fi fost presat de Israel s\u0103 lanseze atacurile \u00eempotriva Iranului.<\/p>\n<p>\u00cen contextul escalad\u0103rii conflictului, Arabia Saudit\u0103 a anun\u021bat c\u0103 a interceptat dou\u0103 rachete de croazier\u0103 \u0219i nou\u0103 drone care intrau \u00een spa\u021biul aerian al regatului. Pe fundalul acestor evenimente, bursa din Coreea de Sud a suspendat tranzac\u021biile, iar investitorii se tem de extinderea r\u0103zboiului \u0219i impactul acestuia asupra economiei globale.<\/p>\n<p>\u00cen cele din urm\u0103, premierul Spaniei, Pedro S\u00e1nchez, a subliniat c\u0103 Madridul se pozi\u021bioneaz\u0103 de partea dreptului interna\u021bional, \u00een timp ce Emiratele Arabe Unite au cerut reluarea negocierilor diplomatice \u00eentre Statele Unite, Israel \u0219i Iran pentru a preveni amplificarea tensiunilor regionale.<\/p>\n","protected":false},"excerpt":{"rendered":"<p>Generalul Dan Caine, \u0219eful Statului Major Interarme al Statelor Unite, a declarat \u00een cadrul unei conferin\u021be c\u0103 \u00een urma conflictului actual, \u201enum\u0103rul de rachete balistice lansate de Iran a sc\u0103zut cu 86% fa\u021b\u0103 de prima zi de lupt\u0103, cu o sc\u0103dere de 23% doar \u00een ultimele 24 de ore\u201d. De asemenea, el a men\u021bionat c\u0103 [&hellip;]<\/p>\n","protected":false},"author":2,"featured_media":6470,"comment_status":"open","ping_status":"open","sticky":false,"template":"","format":"standard","meta":{"jnews-multi-image_gallery":[],"jnews_single_post":[],"jnews_primary_category":[],"jnews_override_counter":[],"footnotes":""},"categories":[41],"tags":[409,9370,684,9372,913,9371,4758,680],"class_list":["post-6469","post","type-post","status-publish","format-standard","has-post-thumbnail","hentry","category-externe","tag-aparare","tag-atacuri-drone","tag-conflict","tag-dan-caine","tag-iran","tag-marine-iraniene","tag-rachete-balistice","tag-statele-unite"],"_links":{"self":[{"href":"https:\/\/www.newsrecorder.ro\/app\/wp-json\/wp\/v2\/posts\/6469","targetHints":{"allow":["GET"]}}],"collection":[{"href":"https:\/\/www.newsrecorder.ro\/app\/wp-json\/wp\/v2\/posts"}],"about":[{"href":"https:\/\/www.newsrecorder.ro\/app\/wp-json\/wp\/v2\/types\/post"}],"author":[{"embeddable":true,"href":"https:\/\/www.newsrecorder.ro\/app\/wp-json\/wp\/v2\/users\/2"}],"replies":[{"embeddable":true,"href":"https:\/\/www.newsrecorder.ro\/app\/wp-json\/wp\/v2\/comments?post=6469"}],"version-history":[{"count":0,"href":"https:\/\/www.newsrecorder.ro\/app\/wp-json\/wp\/v2\/posts\/6469\/revisions"}],"wp:featuredmedia":[{"embeddable":true,"href":"https:\/\/www.newsrecorder.ro\/app\/wp-json\/wp\/v2\/media\/6470"}],"wp:attachment":[{"href":"https:\/\/www.newsrecorder.ro\/app\/wp-json\/wp\/v2\/media?parent=6469"}],"wp:term":[{"taxonomy":"category","embeddable":true,"href":"https:\/\/www.newsrecorder.ro\/app\/wp-json\/wp\/v2\/categories?post=6469"},{"taxonomy":"post_tag","embeddable":true,"href":"https:\/\/www.newsrecorder.ro\/app\/wp-json\/wp\/v2\/tags?post=6469"}],"curies":[{"name":"wp","href":"https:\/\/api.w.org\/{rel}","templated":true}]}}