{"id":6473,"date":"2026-03-04T14:38:29","date_gmt":"2026-03-04T14:38:29","guid":{"rendered":"https:\/\/www.newsrecorder.ro\/app\/2026\/03\/04\/franta-si-spania-unite-raspuns-ferm-la-amenintarile-lui-trump\/"},"modified":"2026-03-04T14:38:29","modified_gmt":"2026-03-04T14:38:29","slug":"franta-si-spania-unite-raspuns-ferm-la-amenintarile-lui-trump","status":"publish","type":"post","link":"https:\/\/www.newsrecorder.ro\/app\/2026\/03\/04\/franta-si-spania-unite-raspuns-ferm-la-amenintarile-lui-trump\/","title":{"rendered":"Fran\u021ba \u0219i Spania unite: r\u0103spuns ferm la amenin\u021b\u0103rile lui Trump!"},"content":{"rendered":"<p>Oficialii de la Palatul \u00c9lys\u00e9e au anun\u021bat miercuri c\u0103 pre\u0219edintele francez Emmanuel Macron a avut o discu\u021bie cu premierul spaniol Pedro S\u00e1nchez, \u00een urma amenin\u021b\u0103rilor economice recente. Aceast\u0103 conversa\u021bie a avut rolul de a exprima solidaritatea european\u0103 a Fran\u021bei fa\u021b\u0103 de Spania, ca reac\u021bie la presiunile economice venite din partea Statelor Unite. \u201ePre\u0219edintele a discutat cu premierul S\u00e1nchez pentru a-i transmite solidaritatea european\u0103 a Fran\u021bei, \u00een contextul amenin\u021b\u0103rilor economice recente\u201d, a declarat pre\u0219edin\u021bia francez\u0103, conform <a href=\"https:\/\/www.lefigaro.fr\/international\/guerre-en-iran-emmanuel-macron-exprime-sa-solidarite-a-pedro-sanchez-apres-les-menaces-commerciales-de-donald-trump-20260304\" target=\"_blank\" rel=\"noopener\">Le Figaro<\/a>.<\/p>\n<p>Pe de alt\u0103 parte, pre\u0219edintele american Donald Trump a lansat critici acerbe mar\u021bi la adresa guvernului spaniol de st\u00e2nga, acuz\u00e2ndu-l c\u0103 a refuzat avioanelor americane <a href=\"https:\/\/www.mediafax.ro\/externe\/madridul-reactioneaza-dupa-ce-trump-a-spus-ca-intrerupe-relatiile-comerciale-sua-spania-23696723\" target=\"_blank\" rel=\"noopener\">accesul la bazele militare<\/a> din sudul Spaniei, \u00een cadrul campaniei sale militare \u00eempotriva Iranului, care a \u00eenceput s\u00e2mb\u0103t\u0103. Trump a declarat c\u0103 \u201eSpania a fost groaznic\u0103\u201d \u0219i a amenin\u021bat direct Madridul cu o \u201e\u00eencetare\u201d a rela\u021biilor comerciale \u00eentre cele dou\u0103 na\u021biuni.<\/p>\n<p>\u00cen acest context, Comisia European\u0103 a reac\u021bionat, afirm\u00e2nd c\u0103 este \u201egata s\u0103 reac\u021bioneze\u201d pentru a \u201eap\u0103ra interesele\u201d Spaniei, care reprezint\u0103 a patra cea mai mare economie din zona euro. Olof Gill, purt\u0103torul de cuv\u00e2nt al Comisiei Europene, a subliniat c\u0103 SUA trebuie \u201es\u0103 respecte angajamentele asumate\u201d prin acordul comercial semnat cu Uniunea European\u0103 vara trecut\u0103, reafirm\u00e2nd totodat\u0103 sprijinul pentru premierul S\u00e1nchez.<\/p>\n<p>\u201eComisia se va asigura c\u0103 interesele Uniunii Europene sunt complet protejate. Suntem pe deplin solidari cu toate statele membre \u0219i cet\u0103\u021benii lor. Prin politica noastr\u0103 comercial\u0103 comun\u0103, suntem preg\u0103ti\u021bi s\u0103 ac\u021bion\u0103m, dac\u0103 este necesar, pentru a proteja interesele UE\u201d, a declarat Olof Gill.<\/p>\n<p>\u00cen replic\u0103 la amenin\u021b\u0103rile pre\u0219edintelui american, Pedro S\u00e1nchez a subliniat c\u0103 Spania \u201enu va fi complice\u201d la atacurile americano-israeliene \u00eempotriva Iranului \u201ede teama represaliilor din partea unora\u201d.<\/p>\n","protected":false},"excerpt":{"rendered":"<p>Oficialii de la Palatul \u00c9lys\u00e9e au anun\u021bat miercuri c\u0103 pre\u0219edintele francez Emmanuel Macron a avut o discu\u021bie cu premierul spaniol Pedro S\u00e1nchez, \u00een urma amenin\u021b\u0103rilor economice recente. Aceast\u0103 conversa\u021bie a avut rolul de a exprima solidaritatea european\u0103 a Fran\u021bei fa\u021b\u0103 de Spania, ca reac\u021bie la presiunile economice venite din partea Statelor Unite. \u201ePre\u0219edintele a discutat [&hellip;]<\/p>\n","protected":false},"author":2,"featured_media":6474,"comment_status":"open","ping_status":"open","sticky":false,"template":"","format":"standard","meta":{"jnews-multi-image_gallery":[],"jnews_single_post":[],"jnews_primary_category":[],"jnews_override_counter":[],"footnotes":""},"categories":[41],"tags":[9376,9377,2710,429,9374,9375,703,1735],"class_list":["post-6473","post","type-post","status-publish","format-standard","has-post-thumbnail","hentry","category-externe","tag-amenintari-economice","tag-baze-militare","tag-macron","tag-relatii-internationale","tag-sanchez","tag-solidaritate-europeana","tag-spania","tag-trump"],"_links":{"self":[{"href":"https:\/\/www.newsrecorder.ro\/app\/wp-json\/wp\/v2\/posts\/6473","targetHints":{"allow":["GET"]}}],"collection":[{"href":"https:\/\/www.newsrecorder.ro\/app\/wp-json\/wp\/v2\/posts"}],"about":[{"href":"https:\/\/www.newsrecorder.ro\/app\/wp-json\/wp\/v2\/types\/post"}],"author":[{"embeddable":true,"href":"https:\/\/www.newsrecorder.ro\/app\/wp-json\/wp\/v2\/users\/2"}],"replies":[{"embeddable":true,"href":"https:\/\/www.newsrecorder.ro\/app\/wp-json\/wp\/v2\/comments?post=6473"}],"version-history":[{"count":0,"href":"https:\/\/www.newsrecorder.ro\/app\/wp-json\/wp\/v2\/posts\/6473\/revisions"}],"wp:featuredmedia":[{"embeddable":true,"href":"https:\/\/www.newsrecorder.ro\/app\/wp-json\/wp\/v2\/media\/6474"}],"wp:attachment":[{"href":"https:\/\/www.newsrecorder.ro\/app\/wp-json\/wp\/v2\/media?parent=6473"}],"wp:term":[{"taxonomy":"category","embeddable":true,"href":"https:\/\/www.newsrecorder.ro\/app\/wp-json\/wp\/v2\/categories?post=6473"},{"taxonomy":"post_tag","embeddable":true,"href":"https:\/\/www.newsrecorder.ro\/app\/wp-json\/wp\/v2\/tags?post=6473"}],"curies":[{"name":"wp","href":"https:\/\/api.w.org\/{rel}","templated":true}]}}