{"id":6487,"date":"2026-03-04T16:37:21","date_gmt":"2026-03-04T16:37:21","guid":{"rendered":"https:\/\/www.newsrecorder.ro\/app\/2026\/03\/04\/romania-atinge-un-somaj-record-in-randul-tinerilor-in-contrast-cu-ue\/"},"modified":"2026-03-04T16:37:21","modified_gmt":"2026-03-04T16:37:21","slug":"romania-atinge-un-somaj-record-in-randul-tinerilor-in-contrast-cu-ue","status":"publish","type":"post","link":"https:\/\/www.newsrecorder.ro\/app\/2026\/03\/04\/romania-atinge-un-somaj-record-in-randul-tinerilor-in-contrast-cu-ue\/","title":{"rendered":"Rom\u00e2nia atinge un \u0219omaj record \u00een r\u00e2ndul tinerilor, \u00een contrast cu UE"},"content":{"rendered":"<p style=\"text-align: left\">Rata \u0219omajului \u00een Uniunea European\u0103 a \u00eenregistrat o sc\u0103dere semnificativ\u0103, ajung\u00e2nd la 5,8% \u00een ianuarie 2026, \u00een compara\u021bie cu 5,9% \u00een decembrie 2025 \u0219i 6,0% \u00een aceea\u0219i lun\u0103 a anului trecut, conform datelor publicate miercuri de <a href=\"https:\/\/ec.europa.eu\/eurostat\/web\/products-euro-indicators\/w\/3-04032026-ap\" target=\"_blank\" rel=\"noopener\">Eurostat<\/a>. \u00cen zona euro, aceasta a sc\u0103zut la 6,1%, fa\u021b\u0103 de 6,2% \u00een luna anterioar\u0103 \u0219i 6,3% \u00een urm\u0103 cu un an.<\/p>\n<p style=\"text-align: left\">\u00cen total, aproximativ 13 milioane de persoane erau \u0219omere \u00een Uniunea European\u0103, dintre care peste 10 milioane \u00een zona euro. \u00cen ultimele luni, num\u0103rul \u0219omerilor a sc\u0103zut, \u00eenregistr\u00e2ndu-se o reducere de aproximativ 185.000 de persoane fa\u021b\u0103 de decembrie 2025 \u0219i o sc\u0103dere de aproape 274.000 \u00een compara\u021bie cu ianuarie 2025.<\/p>\n<p style=\"text-align: left\">\u00cen Rom\u00e2nia, rata \u0219omajului a fost de 6,0% \u00een ianuarie 2026, ceea ce corespunde aproximativ 491.000 de persoane f\u0103r\u0103 loc de munc\u0103, un nivel apropiat de media european\u0103 \u0219i u\u0219or sub cea din zona euro. Analiz\u00e2nd evolu\u021bia din ultimele luni, se observ\u0103 o stabilitate relativ\u0103 pe pia\u021ba muncii: rata \u0219omajului a fost de 6,1% \u00een octombrie 2025, a crescut la 6,3% \u00een noiembrie, apoi a revenit la 6,1% \u00een decembrie, iar \u00een ianuarie 2026 a cobor\u00e2t din nou la 6,0%. \u00cen termeni absolu\u021bi, num\u0103rul \u0219omerilor din Rom\u00e2nia a sc\u0103zut cu aproximativ 8.000 de persoane comparativ cu luna precedent\u0103.<\/p>\n<p style=\"text-align: left\">Comparativ cu alte state din Europa Central\u0103 \u0219i de Est, Rom\u00e2nia se afl\u0103 \u00een zona medie a clasamentului. De exemplu, \u00een Bulgaria \u0219i Polonia, rata \u0219omajului este de 3,1%, cu aproximativ 94.000 \u0219i, respectiv, 563.000 de \u0219omeri. \u00cen Ungaria, rata este de 4,5%, corespunz\u00e2nd la aproximativ 220.000 de persoane f\u0103r\u0103 loc de munc\u0103, \u00een timp ce Slovacia se afl\u0103 la 5,6%, echivalentul a circa 155.000 de \u0219omeri.<\/p>\n<p style=\"text-align: left\">Diferen\u021bele \u00eentre statele membre ale Uniunii Europene sunt semnificative. \u00cen ianuarie 2026, cele mai mari rate ale \u0219omajului au fost \u00eenregistrate \u00een Finlanda (10,2%), Spania (9,8%) \u0219i Suedia (8,7%).<\/p>\n<p style=\"text-align: left\">Pe de alt\u0103 parte, cele mai sc\u0103zute niveluri de \u0219omaj se reg\u0103sesc \u00een Bulgaria \u0219i Polonia, iar \u00een Cehia, rata este de 3,2%. \u00cen marile economii europene, \u0219omajul atinge 4,0% \u00een Germania, unde aproximativ 1,7 milioane de persoane sunt f\u0103r\u0103 loc de munc\u0103, 5,1% \u00een Italia (circa 1,3 milioane de \u0219omeri), 7,7% \u00een Fran\u021ba (aproximativ 2,5 milioane) \u0219i 9,8% \u00een Spania (aproape 2,5 milioane de \u0219omeri).<\/p>\n<p style=\"text-align: left\">\u00cen ceea ce prive\u0219te genul, rata \u0219omajului este u\u0219or mai ridicat\u0103 \u00een r\u00e2ndul femeilor. \u00cen Uniunea European\u0103, aceasta este de 6,0% pentru femei \u0219i 5,7% pentru b\u0103rba\u021bi, iar \u00een zona euro, 6,3% fa\u021b\u0103 de 6,0%. \u00cen Rom\u00e2nia, \u00eens\u0103, diferen\u021bele sunt minime: 6,0% \u00een cazul b\u0103rba\u021bilor \u0219i 5,9% pentru femei, unul dintre cele mai reduse decalaje din Uniune.<\/p>\n<p style=\"text-align: left\">Situa\u021bia se schimb\u0103 \u00een alte state. De exemplu, \u00een Grecia, \u0219omajul este de 5,4% \u00een r\u00e2ndul b\u0103rba\u021bilor, dar ajunge la 10,5% \u00een r\u00e2ndul femeilor. \u00cen Spania, rata este de 8,7% pentru b\u0103rba\u021bi \u0219i 11,2% pentru femei.<\/p>\n<p style=\"text-align: left\">Cea mai vulnerabil\u0103 categorie pe pia\u021ba muncii r\u0103m\u00e2n, \u00eens\u0103, tinerii. \u00cen ianuarie 2026, rata \u0219omajului \u00een r\u00e2ndul persoanelor sub 25 de ani a fost de 15,1% \u00een Uniunea European\u0103, iar de 14,8% \u00een zona euro. \u00cen total, peste 2,9 milioane de tineri erau f\u0103r\u0103 loc de munc\u0103 \u00een UE, dintre care aproximativ 2,4 milioane doar \u00een zona euro. \u00cen Rom\u00e2nia, rata \u0219omajului \u00een r\u00e2ndul tinerilor a fost de 28,2% \u00een decembrie 2025, aproape dubl\u0103 fa\u021b\u0103 de media european\u0103, \u00een contrast cu Germania (7,1%), Olanda (9,3%) \u0219i Polonia (11,0%).<\/p>\n<p style=\"text-align: left\">La extrema opus\u0103, unele economii europene \u00eenregistreaz\u0103 \u0219omaj extrem de ridicat \u00een r\u00e2ndul tinerilor, precum Suedia (23,9%), Spania (23,5%) \u0219i Finlanda (22,7%). Totu\u0219i, Rom\u00e2nia se confrunt\u0103 cu cea mai serioas\u0103 situa\u021bie, av\u00e2nd un nivel de \u0219omaj \u00een r\u00e2ndul tinerilor aproape dublu fa\u021b\u0103 de media Uniunii Europene.<\/p>\n<p style=\"text-align: left\">Aceste date de la Eurostat subliniaz\u0103 faptul c\u0103, de\u0219i rata \u0219omajului total din Rom\u00e2nia este aproape de media Uniunii Europene, integrarea tinerilor pe pia\u021ba muncii r\u0103m\u00e2ne o provocare major\u0103 pentru economia na\u021bional\u0103.<\/p>\n","protected":false},"excerpt":{"rendered":"<p>Rata \u0219omajului \u00een Uniunea European\u0103 a \u00eenregistrat o sc\u0103dere semnificativ\u0103, ajung\u00e2nd la 5,8% \u00een ianuarie 2026, \u00een compara\u021bie cu 5,9% \u00een decembrie 2025 \u0219i 6,0% \u00een aceea\u0219i lun\u0103 a anului trecut, conform datelor publicate miercuri de Eurostat. \u00cen zona euro, aceasta a sc\u0103zut la 6,1%, fa\u021b\u0103 de 6,2% \u00een luna anterioar\u0103 \u0219i 6,3% \u00een urm\u0103 [&hellip;]<\/p>\n","protected":false},"author":4,"featured_media":6488,"comment_status":"open","ping_status":"open","sticky":false,"template":"","format":"standard","meta":{"jnews-multi-image_gallery":[],"jnews_single_post":[],"jnews_primary_category":[],"jnews_override_counter":[],"footnotes":""},"categories":[40],"tags":[4801,2673,9392,5571,9391,4366,321,3965],"class_list":["post-6487","post","type-post","status-publish","format-standard","has-post-thumbnail","hentry","category-econonie","tag-date-statistice","tag-eurostat","tag-persoane-fara-loc-de-munca","tag-piata-muncii","tag-rata-somajului","tag-somaj","tag-uniunea-europeana","tag-zona-euro"],"_links":{"self":[{"href":"https:\/\/www.newsrecorder.ro\/app\/wp-json\/wp\/v2\/posts\/6487","targetHints":{"allow":["GET"]}}],"collection":[{"href":"https:\/\/www.newsrecorder.ro\/app\/wp-json\/wp\/v2\/posts"}],"about":[{"href":"https:\/\/www.newsrecorder.ro\/app\/wp-json\/wp\/v2\/types\/post"}],"author":[{"embeddable":true,"href":"https:\/\/www.newsrecorder.ro\/app\/wp-json\/wp\/v2\/users\/4"}],"replies":[{"embeddable":true,"href":"https:\/\/www.newsrecorder.ro\/app\/wp-json\/wp\/v2\/comments?post=6487"}],"version-history":[{"count":0,"href":"https:\/\/www.newsrecorder.ro\/app\/wp-json\/wp\/v2\/posts\/6487\/revisions"}],"wp:featuredmedia":[{"embeddable":true,"href":"https:\/\/www.newsrecorder.ro\/app\/wp-json\/wp\/v2\/media\/6488"}],"wp:attachment":[{"href":"https:\/\/www.newsrecorder.ro\/app\/wp-json\/wp\/v2\/media?parent=6487"}],"wp:term":[{"taxonomy":"category","embeddable":true,"href":"https:\/\/www.newsrecorder.ro\/app\/wp-json\/wp\/v2\/categories?post=6487"},{"taxonomy":"post_tag","embeddable":true,"href":"https:\/\/www.newsrecorder.ro\/app\/wp-json\/wp\/v2\/tags?post=6487"}],"curies":[{"name":"wp","href":"https:\/\/api.w.org\/{rel}","templated":true}]}}