{"id":6507,"date":"2026-03-04T17:06:29","date_gmt":"2026-03-04T17:06:29","guid":{"rendered":"https:\/\/www.newsrecorder.ro\/app\/2026\/03\/04\/dinamo-bucuresti-cucereste-finala-cupei-romaniei-la-volei-feminin\/"},"modified":"2026-03-04T17:06:29","modified_gmt":"2026-03-04T17:06:29","slug":"dinamo-bucuresti-cucereste-finala-cupei-romaniei-la-volei-feminin","status":"publish","type":"post","link":"https:\/\/www.newsrecorder.ro\/app\/2026\/03\/04\/dinamo-bucuresti-cucereste-finala-cupei-romaniei-la-volei-feminin\/","title":{"rendered":"Dinamo Bucure\u0219ti cucere\u0219te finala Cupei Rom\u00e2niei la volei feminin!"},"content":{"rendered":"<p>Dinamo a \u00eenceput competi\u021bia cu un avantaj considerabil, ob\u021binut \u00een meciul tur, \u00een care a \u00eenvins cu un categoric 3-0. Sub conducerea antrenorului Milos Gavrilovic, echipa a reu\u0219it s\u0103 se califice \u00een final\u0103 dup\u0103 ce a c\u00e2\u0219tigat primele dou\u0103 seturi cu 22 \u0219i 18 puncte.<\/p>\n<p>De\u0219i Dinamo a cedat setul al treilea, \u00eencheiat cu 26-28, echipa a revenit puternic \u00een actul al patrulea, adjudec\u00e2ndu-l cu 25-22 \u0219i stabilind astfel scorul final al meciului la 3-1.<\/p>\n<p>Printre juc\u0103toarele de baz\u0103 ale echipei Dinamo s-au num\u0103rat Tereza Hrusecka, care a marcat 15 puncte, inclusiv 3 blocaje, \u0219i Jovana Mirosavljevi\u0107, cu 12 puncte \u0219i dou\u0103 servicii directe c\u00e2\u0219tig\u0103toare.<\/p>\n<p>CSM Bucure\u0219ti a avut-o pe Bianca Cucu \u00een prim-plan, aceasta reu\u0219ind s\u0103 \u00eenscrie 19 puncte pentru echipa sa.<\/p>\n<p>Prin aceast\u0103 victorie, CS Dinamo Bucure\u0219ti devine prima finalist\u0103 a Cupei Rom\u00e2niei.<\/p>\n<p>\u00cen final\u0103, Dinamo va \u00eenfrunta c\u00e2\u0219tig\u0103toarea meciului dintre Volei Alba Blaj \u0219i CSO Voluntari, care se desf\u0103\u0219oar\u0103 \u00een acest moment.<\/p>\n<p>\u00cen tur, Volei Alba Blaj a realizat o revenire impresionant\u0103, c\u00e2\u0219tig\u00e2nd cu 3-2 \u00een deplasare, dup\u0103 ce a fost condus\u0103 cu 0-2.<\/p>\n<p>Finala Cupei Rom\u00e2niei la volei feminin este programat\u0103 pentru data de 5 aprilie.<\/p>\n","protected":false},"excerpt":{"rendered":"<p>Dinamo a \u00eenceput competi\u021bia cu un avantaj considerabil, ob\u021binut \u00een meciul tur, \u00een care a \u00eenvins cu un categoric 3-0. Sub conducerea antrenorului Milos Gavrilovic, echipa a reu\u0219it s\u0103 se califice \u00een final\u0103 dup\u0103 ce a c\u00e2\u0219tigat primele dou\u0103 seturi cu 22 \u0219i 18 puncte. De\u0219i Dinamo a cedat setul al treilea, \u00eencheiat cu 26-28, [&hellip;]<\/p>\n","protected":false},"author":2,"featured_media":6508,"comment_status":"open","ping_status":"open","sticky":false,"template":"","format":"standard","meta":{"jnews-multi-image_gallery":[],"jnews_single_post":[],"jnews_primary_category":[],"jnews_override_counter":[],"footnotes":""},"categories":[39],"tags":[3391,1246,1577,1856,9428,9426,9427,9425],"class_list":["post-6507","post","type-post","status-publish","format-standard","has-post-thumbnail","hentry","category-stirile-zilei","tag-csm-bucuresti","tag-cupa-romaniei","tag-dinamo","tag-finala","tag-jovana-mirosavljevic","tag-milos-gavrilovic","tag-tereza-hrusecka","tag-voleibol"],"_links":{"self":[{"href":"https:\/\/www.newsrecorder.ro\/app\/wp-json\/wp\/v2\/posts\/6507","targetHints":{"allow":["GET"]}}],"collection":[{"href":"https:\/\/www.newsrecorder.ro\/app\/wp-json\/wp\/v2\/posts"}],"about":[{"href":"https:\/\/www.newsrecorder.ro\/app\/wp-json\/wp\/v2\/types\/post"}],"author":[{"embeddable":true,"href":"https:\/\/www.newsrecorder.ro\/app\/wp-json\/wp\/v2\/users\/2"}],"replies":[{"embeddable":true,"href":"https:\/\/www.newsrecorder.ro\/app\/wp-json\/wp\/v2\/comments?post=6507"}],"version-history":[{"count":0,"href":"https:\/\/www.newsrecorder.ro\/app\/wp-json\/wp\/v2\/posts\/6507\/revisions"}],"wp:featuredmedia":[{"embeddable":true,"href":"https:\/\/www.newsrecorder.ro\/app\/wp-json\/wp\/v2\/media\/6508"}],"wp:attachment":[{"href":"https:\/\/www.newsrecorder.ro\/app\/wp-json\/wp\/v2\/media?parent=6507"}],"wp:term":[{"taxonomy":"category","embeddable":true,"href":"https:\/\/www.newsrecorder.ro\/app\/wp-json\/wp\/v2\/categories?post=6507"},{"taxonomy":"post_tag","embeddable":true,"href":"https:\/\/www.newsrecorder.ro\/app\/wp-json\/wp\/v2\/tags?post=6507"}],"curies":[{"name":"wp","href":"https:\/\/api.w.org\/{rel}","templated":true}]}}